{"id":1421,"date":"2021-01-21T15:44:16","date_gmt":"2021-01-21T18:44:16","guid":{"rendered":"http:\/\/associacaomedicacascavel.com\/?p=1421"},"modified":"2021-01-21T15:44:16","modified_gmt":"2021-01-21T18:44:16","slug":"presidente-da-associacao-medica-de-cascavel-toma-vacina-contra-a-covid-19","status":"publish","type":"post","link":"https:\/\/associacaomedicacascavel.com\/index.php\/2021\/01\/21\/presidente-da-associacao-medica-de-cascavel-toma-vacina-contra-a-covid-19\/","title":{"rendered":"Presidente da Associa\u00e7\u00e3o M\u00e9dica de Cascavel toma vacina contra a Covid-19"},"content":{"rendered":"<body>\n<p>No final da manh\u00e3 de hoje, quinta (21) o m\u00e9dico Dr. Jesus Viegas, Presidente da AMC, puxa pelot\u00e3o de vacinas contra a Covid-19. Nessa primeira etapa as vacinas destinam-se exclusivamente para m\u00e9dicos e enfermeiros que est\u00e3o na linha de frente, isto \u00e9, em trabalho direto com pacientes com Covid-19, bem como para cl\u00ednica de idosos e idosos atendidos pelo PAID em suas resid\u00eancias. A segunda etapa est\u00e1 programada para o dia 15 de fevereiro.<\/p>\n<\/body>","protected":false},"excerpt":{"rendered":"<p>No final da manh\u00e3 de hoje, quinta (21) o m\u00e9dico Dr. Jesus Viegas, Presidente da AMC, puxa pelot\u00e3o de vacinas contra a Covid-19. Nessa primeira etapa as vacinas destinam-se exclusivamente para m\u00e9dicos e enfermeiros que est\u00e3o na linha de frente, isto \u00e9, em trabalho direto com pacientes com Covid-19, bem como para cl\u00ednica de idosos [&hellip;]<\/p>\n","protected":false},"author":3,"featured_media":1422,"comment_status":"open","ping_status":"open","sticky":false,"template":"","format":"standard","meta":{"footnotes":""},"categories":[4,6],"tags":[9],"class_list":["post-1421","post","type-post","status-publish","format-standard","has-post-thumbnail","hentry","category-noticias","category-saude","tag-amc"],"_links":{"self":[{"href":"https:\/\/associacaomedicacascavel.com\/index.php\/wp-json\/wp\/v2\/posts\/1421","targetHints":{"allow":["GET"]}}],"collection":[{"href":"https:\/\/associacaomedicacascavel.com\/index.php\/wp-json\/wp\/v2\/posts"}],"about":[{"href":"https:\/\/associacaomedicacascavel.com\/index.php\/wp-json\/wp\/v2\/types\/post"}],"author":[{"embeddable":true,"href":"https:\/\/associacaomedicacascavel.com\/index.php\/wp-json\/wp\/v2\/users\/3"}],"replies":[{"embeddable":true,"href":"https:\/\/associacaomedicacascavel.com\/index.php\/wp-json\/wp\/v2\/comments?post=1421"}],"version-history":[{"count":1,"href":"https:\/\/associacaomedicacascavel.com\/index.php\/wp-json\/wp\/v2\/posts\/1421\/revisions"}],"predecessor-version":[{"id":1423,"href":"https:\/\/associacaomedicacascavel.com\/index.php\/wp-json\/wp\/v2\/posts\/1421\/revisions\/1423"}],"wp:featuredmedia":[{"embeddable":true,"href":"https:\/\/associacaomedicacascavel.com\/index.php\/wp-json\/wp\/v2\/media\/1422"}],"wp:attachment":[{"href":"https:\/\/associacaomedicacascavel.com\/index.php\/wp-json\/wp\/v2\/media?parent=1421"}],"wp:term":[{"taxonomy":"category","embeddable":true,"href":"https:\/\/associacaomedicacascavel.com\/index.php\/wp-json\/wp\/v2\/categories?post=1421"},{"taxonomy":"post_tag","embeddable":true,"href":"https:\/\/associacaomedicacascavel.com\/index.php\/wp-json\/wp\/v2\/tags?post=1421"}],"curies":[{"name":"wp","href":"https:\/\/api.w.org\/{rel}","templated":true}]}}