{"id":1509,"date":"2021-04-19T15:36:25","date_gmt":"2021-04-19T18:36:25","guid":{"rendered":"https:\/\/associacaomedicacascavel.com\/?p=1509"},"modified":"2021-04-19T15:36:25","modified_gmt":"2021-04-19T18:36:25","slug":"agradecimento-aos-voluntarios-do-cac","status":"publish","type":"post","link":"https:\/\/associacaomedicacascavel.com\/index.php\/2021\/04\/19\/agradecimento-aos-voluntarios-do-cac\/","title":{"rendered":"Agradecimento aos volunt\u00e1rios do CAC"},"content":{"rendered":"<body>\n<p>Encontro dos volunt\u00e1rios foi marcado pela entrega dos certificados e pelo reencontro entre os participantes<\/p>\n\n\n\n<p>Depois de um m\u00eas de trabalho volunt\u00e1rio no Centro de Atendimento Covid-19 \u2013 CAC que culminou com a gra\u00e7a do descongestionamento da sa\u00fade de Cascavel causada pela pandemia. A manh\u00e3 de s\u00e1bado do dia 17 de mar\u00e7o foi marcada com uma confraterniza\u00e7\u00e3o em agradecimento a todos os volunt\u00e1rios que participaram da a\u00e7\u00e3o com o merecido caf\u00e9, guardando todas as normas de seguran\u00e7a com distanciamento social, bem como m\u00e1scara e \u00e1lcool em gel, seguido da entrega de um certificado pelo altru\u00edsmo em ajudar em um momento t\u00e3o nobre e necess\u00e1rio.<\/p>\n\n\n\n<p>Estiveram presentes o coordenador do CAC, Dr. Jorge Santos, o presidente da AMC, Dr. Jesus Viegas que presidiram a entrega de certificados, al\u00e9m do empres\u00e1rio Jadir Saraiva de Rezende e demais volunt\u00e1rios que foram de suma import\u00e2ncia para que o projeto acontecesse.<\/p>\n<\/body>","protected":false},"excerpt":{"rendered":"<p>Encontro dos volunt\u00e1rios foi marcado pela entrega dos certificados e pelo reencontro entre os participantes<\/p>\n","protected":false},"author":3,"featured_media":1512,"comment_status":"open","ping_status":"open","sticky":false,"template":"","format":"standard","meta":{"footnotes":""},"categories":[5],"tags":[9,18,13],"class_list":["post-1509","post","type-post","status-publish","format-standard","has-post-thumbnail","hentry","category-eventos","tag-amc","tag-cac","tag-covid-19"],"_links":{"self":[{"href":"https:\/\/associacaomedicacascavel.com\/index.php\/wp-json\/wp\/v2\/posts\/1509","targetHints":{"allow":["GET"]}}],"collection":[{"href":"https:\/\/associacaomedicacascavel.com\/index.php\/wp-json\/wp\/v2\/posts"}],"about":[{"href":"https:\/\/associacaomedicacascavel.com\/index.php\/wp-json\/wp\/v2\/types\/post"}],"author":[{"embeddable":true,"href":"https:\/\/associacaomedicacascavel.com\/index.php\/wp-json\/wp\/v2\/users\/3"}],"replies":[{"embeddable":true,"href":"https:\/\/associacaomedicacascavel.com\/index.php\/wp-json\/wp\/v2\/comments?post=1509"}],"version-history":[{"count":2,"href":"https:\/\/associacaomedicacascavel.com\/index.php\/wp-json\/wp\/v2\/posts\/1509\/revisions"}],"predecessor-version":[{"id":1513,"href":"https:\/\/associacaomedicacascavel.com\/index.php\/wp-json\/wp\/v2\/posts\/1509\/revisions\/1513"}],"wp:featuredmedia":[{"embeddable":true,"href":"https:\/\/associacaomedicacascavel.com\/index.php\/wp-json\/wp\/v2\/media\/1512"}],"wp:attachment":[{"href":"https:\/\/associacaomedicacascavel.com\/index.php\/wp-json\/wp\/v2\/media?parent=1509"}],"wp:term":[{"taxonomy":"category","embeddable":true,"href":"https:\/\/associacaomedicacascavel.com\/index.php\/wp-json\/wp\/v2\/categories?post=1509"},{"taxonomy":"post_tag","embeddable":true,"href":"https:\/\/associacaomedicacascavel.com\/index.php\/wp-json\/wp\/v2\/tags?post=1509"}],"curies":[{"name":"wp","href":"https:\/\/api.w.org\/{rel}","templated":true}]}}