{"id":1520,"date":"2021-04-27T14:07:15","date_gmt":"2021-04-27T17:07:15","guid":{"rendered":"https:\/\/associacaomedicacascavel.com\/?p=1520"},"modified":"2021-04-27T14:07:15","modified_gmt":"2021-04-27T17:07:15","slug":"trajetoria-de-vida","status":"publish","type":"post","link":"https:\/\/associacaomedicacascavel.com\/index.php\/2021\/04\/27\/trajetoria-de-vida\/","title":{"rendered":"Trajet\u00f3ria de vida"},"content":{"rendered":"<body>\n<p>Tudo se iniciou no dia 13 de novembro de 1951, quando ap\u00f3s muitas horas de trabalho de parto acompanhada por uma parteira experiente, foi recomendado que minha m\u00e3e fosse encaminhada ao Hospital para que o desenrolar desse dist\u00f3cico parto se resolvesse pelas m\u00e3os experientes do Dr.Moises Paciornik. Nasci ap\u00f3s f\u00f3rceps com os surpreendentes 5.480 kg. Tamb\u00e9m surpreendente foi minha evolu\u00e7\u00e3o, pois n\u00e3o apresentei hipoglicemia t\u00e3o comum em fetos macrossomicos, o que acarreta \u00f3bito ou les\u00e3o cerebral.<\/p>\n\n\n\n<p>Tive uma inf\u00e2ncia um tanto solit\u00e1ria, pois minha m\u00e3e n\u00e3o tornou a gestar, ficando portanto como filho \u00fanico, vivendo em casa dos av\u00f3s, pais e tios, todos sob mesmo teto.<\/p>\n\n\n\n<p>Em meados de 1954, meu av\u00f4 materno foi atropelado frente \u00e0 nossa casa e ap\u00f3s lenta agonia de 12 dias, acabou falecendo. Esse epis\u00f3dio fez com que minha av\u00f3 Julia transferisse todo cuidado do mundo para mim. Fiquei um tanto prisioneiro dos temores e anseios dessa av\u00f3 amada, mas cuidadosa aos extremo.<\/p>\n\n\n\n<p>Na adolesc\u00eancia, tive meu alvar\u00e1 de liberdade aos 15 anos, podendo sair com os amigos para os bailes da vida. Foi sem d\u00favidas um per\u00edodo maravilhoso de descobertas, de paix\u00f5es avassaladoras por v\u00e1rias meninas, algumas correspondidas, outras n\u00e3o. Tristezas de amor n\u00e3o correspondido afogadas em Cuba libre, bebida da \u00e9poca de toda juventude.<\/p>\n\n\n\n<p>Eis que aos 18 anos tive que deixar minha cidade, Curitiba, meus amigos insepar\u00e1veis, meu time de cora\u00e7\u00e3o, o Atl\u00e9tico (sem H na \u00e9poca) e uma paix\u00e3o grande do meu local de trabalho. Mudamos todos, meus pais, av\u00f3 J\u00falia e eu para Londrina.<\/p>\n\n\n\n<p>Novamente a solid\u00e3o parecia que retornaria em minha vida, pois os amigos e a namorada ficaram na distante Curitiba.<\/p>\n\n\n\n<p>Contudo, aquela Londrina da \u00e9poca, muito mais avan\u00e7ada que a provincial Curitiba despertou novamente em mim o jovem apaixonado, feliz e baladeiro.<\/p>\n\n\n\n<p>Tive que dividir meu tempo em trabalho na Cia de Seguros, estudo e preparo para vestibular de Medicina da FUEL (sim na \u00e9poca era uma Funda\u00e7\u00e3o) e noites de festas com os novos amigos.<\/p>\n\n\n\n<p>Ap\u00f3s um ano de intensa dedica\u00e7\u00e3o aos estudos passei no vestibular t\u00e3o concorrido e disputado da \u00e9poca.<\/p>\n\n\n\n<p>Tive que dedicar \u00e0 Faculdade, durante 4 anos um tempo tamb\u00e9m dividido para uma carreira tempor\u00e1ria de professor de Mec\u00e2nica e de Monitor de Enfermagem para complemento de sobreviv\u00eancia e independ\u00eancia de meus pais, visto que a vida era muito sacrificante para todos.<\/p>\n\n\n\n<p>Por fim, em 1976 recebi meu diploma de M\u00e9dico, t\u00e3o desejado por mim e minha fam\u00edlia amada e iniciei um novo ciclo de vida, em Cascavel, a partir de mar\u00e7o de 1977. Cidade esta que me acolheu, deu todas as oportunidades e realiza\u00e7\u00f5es ao longo desses 44 anos de intensa alegria e trabalho. S\u00f3 separadas por cursos de Especializa\u00e7\u00e3o e Aperfei\u00e7oamento na cidade do Rio de Janeiro por 2 anos e meio. Nesses \u00faltimos 44 anos, divido toda minha felicidade com uma esposa maravilhosa, Eneida e filhos Paula Beatriz, Roberta e Olavo, al\u00e9m de um presente de Deus, nossa netinha Elena. Portanto s\u00f3 h\u00e1 agradecimentos por tudo que a vida me presenteou nesses meus quase 70 anos de jornada vitoriosa.<\/p>\n\n\n\n<p>Dr. Luiz S\u00e9rgio Fettback \u2013 M\u00e9dico ginecologista<\/p>\n<\/body>","protected":false},"excerpt":{"rendered":"<p>Tudo se iniciou no dia 13 de novembro de 1951, quando ap\u00f3s muitas horas de trabalho de parto acompanhada por uma parteira experiente, foi recomendado que minha m\u00e3e fosse encaminhada ao Hospital para que o desenrolar desse dist\u00f3cico parto se resolvesse pelas m\u00e3os experientes do Dr.Moises Paciornik. Nasci ap\u00f3s f\u00f3rceps com os surpreendentes 5.480 kg. [&hellip;]<\/p>\n","protected":false},"author":3,"featured_media":1521,"comment_status":"open","ping_status":"open","sticky":false,"template":"","format":"standard","meta":{"footnotes":""},"categories":[6],"tags":[9,20,23],"class_list":["post-1520","post","type-post","status-publish","format-standard","has-post-thumbnail","hentry","category-saude","tag-amc","tag-coluna","tag-oparana-2"],"_links":{"self":[{"href":"https:\/\/associacaomedicacascavel.com\/index.php\/wp-json\/wp\/v2\/posts\/1520","targetHints":{"allow":["GET"]}}],"collection":[{"href":"https:\/\/associacaomedicacascavel.com\/index.php\/wp-json\/wp\/v2\/posts"}],"about":[{"href":"https:\/\/associacaomedicacascavel.com\/index.php\/wp-json\/wp\/v2\/types\/post"}],"author":[{"embeddable":true,"href":"https:\/\/associacaomedicacascavel.com\/index.php\/wp-json\/wp\/v2\/users\/3"}],"replies":[{"embeddable":true,"href":"https:\/\/associacaomedicacascavel.com\/index.php\/wp-json\/wp\/v2\/comments?post=1520"}],"version-history":[{"count":1,"href":"https:\/\/associacaomedicacascavel.com\/index.php\/wp-json\/wp\/v2\/posts\/1520\/revisions"}],"predecessor-version":[{"id":1522,"href":"https:\/\/associacaomedicacascavel.com\/index.php\/wp-json\/wp\/v2\/posts\/1520\/revisions\/1522"}],"wp:featuredmedia":[{"embeddable":true,"href":"https:\/\/associacaomedicacascavel.com\/index.php\/wp-json\/wp\/v2\/media\/1521"}],"wp:attachment":[{"href":"https:\/\/associacaomedicacascavel.com\/index.php\/wp-json\/wp\/v2\/media?parent=1520"}],"wp:term":[{"taxonomy":"category","embeddable":true,"href":"https:\/\/associacaomedicacascavel.com\/index.php\/wp-json\/wp\/v2\/categories?post=1520"},{"taxonomy":"post_tag","embeddable":true,"href":"https:\/\/associacaomedicacascavel.com\/index.php\/wp-json\/wp\/v2\/tags?post=1520"}],"curies":[{"name":"wp","href":"https:\/\/api.w.org\/{rel}","templated":true}]}}