{"id":1526,"date":"2021-05-11T11:37:08","date_gmt":"2021-05-11T14:37:08","guid":{"rendered":"https:\/\/associacaomedicacascavel.com\/?p=1526"},"modified":"2021-05-11T11:37:08","modified_gmt":"2021-05-11T14:37:08","slug":"entre-a-medicina-e-o-direito-ensinamentos-de-pai-para-filha","status":"publish","type":"post","link":"https:\/\/associacaomedicacascavel.com\/index.php\/2021\/05\/11\/entre-a-medicina-e-o-direito-ensinamentos-de-pai-para-filha\/","title":{"rendered":"Entre a Medicina e o Direito: ensinamentos de pai para filha"},"content":{"rendered":"<body>\n<p><\/p>\n\n\n\n<p>Por vezes nos pegamos fazendo conex\u00f5es entre profiss\u00f5es diversas, sejam elas de humanas, exatas ou biol\u00f3gicas. Paralelos estes mais frequentes atualmente, tendo em vista que, em um mundo cada vez mais conectado, tem se tornado comum ver equipes multidisciplinares trabalhando juntas em prol da ci\u00eancia.<\/p>\n\n\n\n<p>Dentro deste cen\u00e1rio, come\u00e7amos a refletir o que a Medicina e o Direito teriam em comum e, observando nossas pr\u00e1ticas profissionais, conseguimos enxergar v\u00e1rias conex\u00f5es entre elas, que abordaremos aqui nesta coluna conjunta, advinda de reflex\u00f5es entre um pai m\u00e9dico e uma filha advogada.<\/p>\n\n\n\n<p>Come\u00e7amos olhando para pr\u00f3pria Constitui\u00e7\u00e3o Federal, que traz a sa\u00fade como um direito fundamental e a advocacia como meio indispens\u00e1vel \u00e0 justi\u00e7a. Fazendo-se uma pesquisa r\u00e1pida na internet, \u00e9 poss\u00edvel acharmos casos envolvendo o direito \u00e0 sa\u00fade em foco no Poder Judici\u00e1rio, exigindo o exerc\u00edcio da boa advocacia para avan\u00e7o de pautas relevantes \u00e0 garantia da sa\u00fade a diversos brasileiros e discuss\u00f5es emblem\u00e1ticas sobre judicializa\u00e7\u00e3o da sa\u00fade.<\/p>\n\n\n\n<p>H\u00e1 uma conex\u00e3o formal e institucional, portanto.<\/p>\n\n\n\n<p>Olhando para aspectos mais cotidianos, enfrentamos a grande responsabilidade que temos em atuar como m\u00e9dico e advogada. Lidamos em nossa pr\u00e1tica com a vida de muitas pessoas e a maior parte daquelas que nos procuram est\u00e3o enfrentando algum problema. Est\u00e3o tristes por si ou por aqueles que amam e acabam sendo raras as consultas em que atendemos casos eminentemente felizes, como uma gravidez desejada, um processo de ado\u00e7\u00e3o e por a\u00ed vai.<\/p>\n\n\n\n<p>Lidar com a tristeza entristece, mas \u00e9 preciso entender que ao escolhermos nossas profiss\u00f5es assumimos, tamb\u00e9m, a responsabilidade de cuidar da nossa sa\u00fade, f\u00edsica e mental, para nos mantermos como profissionais \u00edntegros. As pr\u00e1ticas envolvem escolhas pessoais, autoconhecimento, reconhecimento da nossa pr\u00f3pria fragilidade, ren\u00fancias e motiva\u00e7\u00f5es pr\u00f3prias para que consigamos cuidar e ajudar o pr\u00f3ximo a partir do privil\u00e9gio que tivemos que nos graduar no Ensino Superior e de conseguirmos atuar na nossa profiss\u00e3o com dignidade.<\/p>\n\n\n\n<p>H\u00e1 uma conex\u00e3o entre as responsabilidades pessoais, portanto.<\/p>\n\n\n\n<p>Apesar de ser esperado, durante toda nossa pr\u00e1tica profissional, que percamos processos e pacientes, infelizmente, s\u00e3o momentos que nos revelam sentimentos de incapacidade e finitude, afora uma tristeza sem igual. Mas a pr\u00e1tica que carrega tristezas, tamb\u00e9m traz consigo felicidades indescrit\u00edveis: a\u00a0cura, a vit\u00f3ria, o tratamento eficaz, o \u00eaxito, a desinterna\u00e7\u00e3o, a decis\u00e3o favor\u00e1vel, o acordo frut\u00edfero, a manuten\u00e7\u00e3o da vida em v\u00e1rios aspectos.<\/p>\n\n\n\n<p>H\u00e1 uma conex\u00e3o entre as tristezas e felicidades, portanto.<\/p>\n\n\n\n<p>A responsabilidade, ainda, assume outros \u00e2ngulos se formos caminhando a lupa do atendido e do social, ao profissional. Assim como para diversas outras profiss\u00f5es, a pr\u00e1tica da medicina e da advocacia exige dom. N\u00e3o um dom natural, mas sim uma habilidade desenvolvida, estudada e praticada diariamente. Aptid\u00f5es muito pr\u00f3prias, das quais emergem respeito, humanidade, empatia, cuidado, afeto, escuta ativa, al\u00e9m de uma evidente necessidade de n\u00e3o julgar, a dor, a fala, o outro.<\/p>\n\n\n\n<p>H\u00e1 uma conex\u00e3o que envolve dom e respeito ao pr\u00f3ximo, portanto.<\/p>\n\n\n\n<p>Assim, falar dos paralelos entre a Medicina e o Direito \u00e9 ir al\u00e9m da ci\u00eancia comum para fazer correla\u00e7\u00f5es humanas muito intensas e potentes, de modo que os ensinamentos de pai para filha continuam, aqui, a se vincular pelo amor, que supera as barreiras de uma s\u00f3 fam\u00edlia e atinge o pr\u00f3ximo desconhecido, seja ele o paciente, o cliente ou a sociedade como um todo, para a qual dedicamos nossa atua\u00e7\u00e3o em busca de um mundo melhor para todos e todas. Que sejamos m\u00e9dicos, advogados e profissionais unidos por princ\u00edpios humanos, essencialmente!<\/p>\n\n\n\n<p><strong><em>Humberto Golfieri Jr<\/em><\/strong><\/p>\n\n\n\n<p><strong><em>Mar\u00edlia Golfieri<\/em><\/strong><\/p>\n<\/body>","protected":false},"excerpt":{"rendered":"<p>Por vezes nos pegamos fazendo conex\u00f5es entre profiss\u00f5es diversas, sejam elas de humanas, exatas ou biol\u00f3gicas. Paralelos estes mais frequentes atualmente, tendo em vista que, em um mundo cada vez mais conectado, tem se tornado comum ver equipes multidisciplinares trabalhando juntas em prol da ci\u00eancia. Dentro deste cen\u00e1rio, come\u00e7amos a refletir o que a Medicina [&hellip;]<\/p>\n","protected":false},"author":3,"featured_media":1462,"comment_status":"open","ping_status":"open","sticky":false,"template":"","format":"standard","meta":{"footnotes":""},"categories":[6],"tags":[],"class_list":["post-1526","post","type-post","status-publish","format-standard","has-post-thumbnail","hentry","category-saude"],"_links":{"self":[{"href":"https:\/\/associacaomedicacascavel.com\/index.php\/wp-json\/wp\/v2\/posts\/1526","targetHints":{"allow":["GET"]}}],"collection":[{"href":"https:\/\/associacaomedicacascavel.com\/index.php\/wp-json\/wp\/v2\/posts"}],"about":[{"href":"https:\/\/associacaomedicacascavel.com\/index.php\/wp-json\/wp\/v2\/types\/post"}],"author":[{"embeddable":true,"href":"https:\/\/associacaomedicacascavel.com\/index.php\/wp-json\/wp\/v2\/users\/3"}],"replies":[{"embeddable":true,"href":"https:\/\/associacaomedicacascavel.com\/index.php\/wp-json\/wp\/v2\/comments?post=1526"}],"version-history":[{"count":1,"href":"https:\/\/associacaomedicacascavel.com\/index.php\/wp-json\/wp\/v2\/posts\/1526\/revisions"}],"predecessor-version":[{"id":1527,"href":"https:\/\/associacaomedicacascavel.com\/index.php\/wp-json\/wp\/v2\/posts\/1526\/revisions\/1527"}],"wp:featuredmedia":[{"embeddable":true,"href":"https:\/\/associacaomedicacascavel.com\/index.php\/wp-json\/wp\/v2\/media\/1462"}],"wp:attachment":[{"href":"https:\/\/associacaomedicacascavel.com\/index.php\/wp-json\/wp\/v2\/media?parent=1526"}],"wp:term":[{"taxonomy":"category","embeddable":true,"href":"https:\/\/associacaomedicacascavel.com\/index.php\/wp-json\/wp\/v2\/categories?post=1526"},{"taxonomy":"post_tag","embeddable":true,"href":"https:\/\/associacaomedicacascavel.com\/index.php\/wp-json\/wp\/v2\/tags?post=1526"}],"curies":[{"name":"wp","href":"https:\/\/api.w.org\/{rel}","templated":true}]}}