{"id":1529,"date":"2021-05-12T08:09:52","date_gmt":"2021-05-12T11:09:52","guid":{"rendered":"https:\/\/associacaomedicacascavel.com\/?p=1529"},"modified":"2021-05-12T08:09:52","modified_gmt":"2021-05-12T11:09:52","slug":"dia-internacional-da-enfermagem","status":"publish","type":"post","link":"https:\/\/associacaomedicacascavel.com\/index.php\/2021\/05\/12\/dia-internacional-da-enfermagem\/","title":{"rendered":"Dia internacional da enfermagem"},"content":{"rendered":"<body>\n<p>Ao comemorarmos esta data, dedicamos nossos mais sinceros sentimentos de respeito e gratid\u00e3o a todos os enfermeiros e enfermeiras que n\u00e3o medem esfor\u00e7os na luta pela vida.Com a atua pandemia, mais que nunca precisamos do servi\u00e7o e dedica\u00e7\u00e3o desses profissionais que junto com toda a equipe m\u00e9dica, se colocam em risco para nos ajudar na guerra contra o v\u00edrus.Em nome do presidente da Associa\u00e7\u00e3o M\u00e9dica de Cascavel \u2013 AMC, Dr. Jesus Viegas, toda a diretoria e m\u00e9dicos associados, nosso muito obrigado! Parab\u00e9ns!<\/p>\n<\/body>","protected":false},"excerpt":{"rendered":"<p>Ao comemorarmos esta data, dedicamos nossos mais sinceros sentimentos de respeito e gratid\u00e3o a todos os enfermeiros e enfermeiras que n\u00e3o medem esfor\u00e7os na luta pela vida.Com a atua pandemia, mais que nunca precisamos do servi\u00e7o e dedica\u00e7\u00e3o desses profissionais que junto com toda a equipe m\u00e9dica, se colocam em risco para nos ajudar na [&hellip;]<\/p>\n","protected":false},"author":3,"featured_media":1530,"comment_status":"open","ping_status":"open","sticky":false,"template":"","format":"standard","meta":{"footnotes":""},"categories":[4],"tags":[],"class_list":["post-1529","post","type-post","status-publish","format-standard","has-post-thumbnail","hentry","category-noticias"],"_links":{"self":[{"href":"https:\/\/associacaomedicacascavel.com\/index.php\/wp-json\/wp\/v2\/posts\/1529","targetHints":{"allow":["GET"]}}],"collection":[{"href":"https:\/\/associacaomedicacascavel.com\/index.php\/wp-json\/wp\/v2\/posts"}],"about":[{"href":"https:\/\/associacaomedicacascavel.com\/index.php\/wp-json\/wp\/v2\/types\/post"}],"author":[{"embeddable":true,"href":"https:\/\/associacaomedicacascavel.com\/index.php\/wp-json\/wp\/v2\/users\/3"}],"replies":[{"embeddable":true,"href":"https:\/\/associacaomedicacascavel.com\/index.php\/wp-json\/wp\/v2\/comments?post=1529"}],"version-history":[{"count":1,"href":"https:\/\/associacaomedicacascavel.com\/index.php\/wp-json\/wp\/v2\/posts\/1529\/revisions"}],"predecessor-version":[{"id":1531,"href":"https:\/\/associacaomedicacascavel.com\/index.php\/wp-json\/wp\/v2\/posts\/1529\/revisions\/1531"}],"wp:featuredmedia":[{"embeddable":true,"href":"https:\/\/associacaomedicacascavel.com\/index.php\/wp-json\/wp\/v2\/media\/1530"}],"wp:attachment":[{"href":"https:\/\/associacaomedicacascavel.com\/index.php\/wp-json\/wp\/v2\/media?parent=1529"}],"wp:term":[{"taxonomy":"category","embeddable":true,"href":"https:\/\/associacaomedicacascavel.com\/index.php\/wp-json\/wp\/v2\/categories?post=1529"},{"taxonomy":"post_tag","embeddable":true,"href":"https:\/\/associacaomedicacascavel.com\/index.php\/wp-json\/wp\/v2\/tags?post=1529"}],"curies":[{"name":"wp","href":"https:\/\/api.w.org\/{rel}","templated":true}]}}