{"id":1538,"date":"2021-05-18T10:41:42","date_gmt":"2021-05-18T13:41:42","guid":{"rendered":"http:\/\/associacaomedicacascavel.com\/?p=1538"},"modified":"2021-12-30T11:34:31","modified_gmt":"2021-12-30T14:34:31","slug":"a-educacao-a-instrucao-e-a-vida","status":"publish","type":"post","link":"https:\/\/associacaomedicacascavel.com\/index.php\/2021\/05\/18\/a-educacao-a-instrucao-e-a-vida\/","title":{"rendered":"A Educa\u00e7\u00e3o a Instru\u00e7\u00e3o e a Vida"},"content":{"rendered":"<body>\n<p><\/p>\n\n\n\n<p>Todas as vezes que temos not\u00edcias de acidentes, crimes, maldades em escalas ficamos pensando, onde a escola errou.<\/p>\n\n\n\n<p>A fun\u00e7\u00e3o da escola \u00e9 ensinar?<\/p>\n\n\n\n<p>Quando estudamos a etimologia da palavra ensinar surgiu no s\u00e9culo XI na l\u00edngua francesa enseigmer e no s\u00e9culo XIII, na l\u00edngua portuguesa vindo do latim insignare que significa indicar, designar, marcar com sinal.<\/p>\n\n\n\n<p>Sinal em grego \u00e9 Karakter. \u00a0Assim a escola \u00e9 o lugar de ensino, aprendizagem. Ou ser\u00e1 fun\u00e7\u00e3o de educar?<\/p>\n\n\n\n<p>A palavra educar surgiu no s\u00e9culo XIV como \u00e9duquer, do latim educare forma derivada de educere que cont\u00e9m ideia de conduzir no s\u00e9culo XVII aparece em portugu\u00eas e castelhano.<\/p>\n\n\n\n<p>O iluminismo trouxe a ideia de progresso como sin\u00f4nimo de educar.<\/p>\n\n\n\n<p>Ou ainda poder\u00e1 ser instruir que vem do latim instruere que no s\u00e9culo XII era instruire no franc\u00eas e no s\u00e9culo XIV surge em portugu\u00eas significando semear, lan\u00e7ar gr\u00e3o ao solo, da\u00ed veio a palavra construir.<\/p>\n\n\n\n<p>Instruir nos \u00faltimos tempos tem sintetizado as posi\u00e7\u00f5es pedag\u00f3gicas avan\u00e7adas.<\/p>\n\n\n\n<p>Tudo isto n\u00e3o significa que s\u00e1bios cientistas e estudiosos sejam pessoas de bons h\u00e1bitos, honestos, caridosos e amigos. Jesus o Cristo sempre ensinou bons princ\u00edpios baseados no amor ao pr\u00f3ximo, mas muitos desde sua \u00e9poca n\u00e3o concordavam com seus ensinamentos, at\u00e9 o dia de hoje sempre observamos os crist\u00e3os seguidores do evangelho que praticam o bem, mas mesmo entre aqueles que se dizem crist\u00e3os est\u00e3o sempre fazendo o mal e negligenciando a fraternidade. Se fizermos uma leitura nos preceitos e recomenda\u00e7\u00f5es das v\u00e1rias religi\u00f5es que conhecemos vamos constatar que todas elas pregam o bem, o perd\u00e3o, e o amor ao pr\u00f3ximo.<\/p>\n\n\n\n<p>A fam\u00edlia que forma o cidad\u00e3o, n\u00e3o precisa ser a fam\u00edlia tradicional em que fomos gerados, mas a fam\u00edlia que nos acolheu com amor, carinho, aconchego, bons exemplos que representam os bons conselhos, para as crian\u00e7as em fase de forma\u00e7\u00e3o n\u00e3o \u00e9 preciso falar basta ser o espelho, pois como diz o ditado popular: \u201c Exemplo vem de casa\u201d.<\/p>\n\n\n\n<p>Os m\u00e9dicos, os <a href=\"https:\/\/psicologaemcascavel.com.br\/\" target=\"_blank\" rel=\"noreferrer noopener\"><span class=\"has-inline-color has-black-color\">psic\u00f3logos<\/span><\/a> podem ajudar quando as deforma\u00e7\u00f5es, as distor\u00e7\u00f5es acontecem, e aqueles que est\u00e3o educando ser\u00e3o os respons\u00e1veis pelas corre\u00e7\u00f5es.<\/p>\n\n\n\n<p>A educa\u00e7\u00e3o moral e c\u00edvica, o respeito a p\u00e1tria, aos professores e a fam\u00edlia ir\u00e1 ajudar, mas s\u00f3 isso n\u00e3o basta, precisamos desenvolver os princ\u00edpios de \u00c9tica, e de Moral Crist\u00e3, de Moral Judaica, islamita, budista, j\u00e1 que o mundo est\u00e1 globalizado permitindo um entrosamento instant\u00e2neo via Internet.<\/p>\n\n\n\n<p>N\u00e3o devemos, e tamb\u00e9m n\u00e3o adianta criticar tudo que observamos nos jovens, vamos fazer um retrospecto do nosso comportamento e quando achamos algo na rua e n\u00e3o procuramos devolver, quando furamos uma fila para andarmos mais rapidamente, quando o troco que recebemos, vem a mais e n\u00e3o devolvemos, quando trocamos um objeto por outro, s\u00f3\u00a0 para nos beneficiar, quando ficamos com um livro que nos foi emprestado e n\u00e3o devolvemos, se o dono n\u00e3o reclamar, estamos dando exemplos e sem perceber \u00a0aceitando a famosa lei de Gerson \u201cVoc\u00ea sempre deve levar vantagem\u201d. Reflitamos sobre o nosso dia a dia e pensemos que sempre \u00e9 tempo de recome\u00e7ar.<\/p>\n\n\n\n<p>N\u00e3o deveria ser Manchete Nacional o varredor de rua que devolveu uma carteira com dinheiro achada no lixo?<\/p>\n\n\n\n<p>Nem o empres\u00e1rio que pagou a escola para um jovem carente?<\/p>\n\n\n\n<p>Os livros infantis ajudam a forma\u00e7\u00e3o \u00a0\u00a0do jovem quando este tem o objetivo de criar situa\u00e7\u00f5es que direcionam os protagonistas para atitudes corretas.<\/p>\n\n\n\n<p>Estamos vivenciando uma era de tudo divulgar, de tudo criticar, do politicamente correto e n\u00e3o podemos esquecer que somos respons\u00e1veis por aquilo que cativamos conforme afirmou Exup\u00e9ry. Os filhos devem sempre ser orientados e mesmo os que j\u00e1 sa\u00edram de casa, que j\u00e1 s\u00e3o pais e m\u00e3es devem ser alertados sobre o comportamento diante da sociedade, diante dos filhos e preparando a etapa espiritual que os espera ap\u00f3s a passagem nesta vida.<\/p>\n\n\n\n<p>Dr. Jesus Viegas \u2013 Presidente da AMC<\/p>\n<\/body>","protected":false},"excerpt":{"rendered":"<p>Todas as vezes que temos not\u00edcias de acidentes, crimes, maldades em escalas ficamos pensando, onde a escola errou. A fun\u00e7\u00e3o da escola \u00e9 ensinar? Quando estudamos a etimologia da palavra ensinar surgiu no s\u00e9culo XI na l\u00edngua francesa enseigmer e no s\u00e9culo XIII, na l\u00edngua portuguesa vindo do latim insignare que significa indicar, designar, marcar [&hellip;]<\/p>\n","protected":false},"author":3,"featured_media":1539,"comment_status":"open","ping_status":"open","sticky":false,"template":"","format":"standard","meta":{"footnotes":""},"categories":[4],"tags":[9,20,24],"class_list":["post-1538","post","type-post","status-publish","format-standard","has-post-thumbnail","hentry","category-noticias","tag-amc","tag-coluna","tag-educacao"],"_links":{"self":[{"href":"https:\/\/associacaomedicacascavel.com\/index.php\/wp-json\/wp\/v2\/posts\/1538","targetHints":{"allow":["GET"]}}],"collection":[{"href":"https:\/\/associacaomedicacascavel.com\/index.php\/wp-json\/wp\/v2\/posts"}],"about":[{"href":"https:\/\/associacaomedicacascavel.com\/index.php\/wp-json\/wp\/v2\/types\/post"}],"author":[{"embeddable":true,"href":"https:\/\/associacaomedicacascavel.com\/index.php\/wp-json\/wp\/v2\/users\/3"}],"replies":[{"embeddable":true,"href":"https:\/\/associacaomedicacascavel.com\/index.php\/wp-json\/wp\/v2\/comments?post=1538"}],"version-history":[{"count":2,"href":"https:\/\/associacaomedicacascavel.com\/index.php\/wp-json\/wp\/v2\/posts\/1538\/revisions"}],"predecessor-version":[{"id":1865,"href":"https:\/\/associacaomedicacascavel.com\/index.php\/wp-json\/wp\/v2\/posts\/1538\/revisions\/1865"}],"wp:featuredmedia":[{"embeddable":true,"href":"https:\/\/associacaomedicacascavel.com\/index.php\/wp-json\/wp\/v2\/media\/1539"}],"wp:attachment":[{"href":"https:\/\/associacaomedicacascavel.com\/index.php\/wp-json\/wp\/v2\/media?parent=1538"}],"wp:term":[{"taxonomy":"category","embeddable":true,"href":"https:\/\/associacaomedicacascavel.com\/index.php\/wp-json\/wp\/v2\/categories?post=1538"},{"taxonomy":"post_tag","embeddable":true,"href":"https:\/\/associacaomedicacascavel.com\/index.php\/wp-json\/wp\/v2\/tags?post=1538"}],"curies":[{"name":"wp","href":"https:\/\/api.w.org\/{rel}","templated":true}]}}