{"id":1542,"date":"2021-05-25T11:20:42","date_gmt":"2021-05-25T14:20:42","guid":{"rendered":"https:\/\/associacaomedicacascavel.com\/?p=1542"},"modified":"2021-05-25T11:20:42","modified_gmt":"2021-05-25T14:20:42","slug":"de-volta-para-o-passado","status":"publish","type":"post","link":"https:\/\/associacaomedicacascavel.com\/index.php\/2021\/05\/25\/de-volta-para-o-passado\/","title":{"rendered":"De volta para o passado?"},"content":{"rendered":"<body>\n<p>O jovem soldado jaz abatido em sua trincheira. N\u00e3o tem nenhum ferimento, n\u00e3o foi exposto a nenhum agente t\u00f3xico. Apesar da fome, apresenta razo\u00e1vel estado nutricional e seu cantil ainda tem \u00e1gua. As suas vestes, mesmo surradas, parecem suficientes para enfrentar o frio intenso. A neve, que cai aos poucos, serve de cobertura sepulcral \u00e0 trincheira, agora cova.\u00a0<br>Seus \u00faltimos momentos foram de um del\u00edrio febril, tosse e intensa falta de ar. So\u00e7obrou a epidemia que assola o mundo.\u00a0<br>Estamos falando sobre uma pessoa cuja causa-morte foi a pandemia de H1N1 que ocorreu h\u00e1 100 anos, entre 1918 e 1920, ao final da Primeira Guerra Mundial, finalizada em 1918. Uma epidemia que matou muit\u00edssimo mais do que todos os combates desses anos, a chamada Gripe Espanhola, que, apesar do nome, teve seu in\u00edcio, muito provavelmente, em territ\u00f3rio americano. Essa pandemia atingiu 500 milh\u00f5es de pessoas, correspondendo a 25% da popula\u00e7\u00e3o mundial da \u00e9poca, matando 50 milh\u00f5es. Somente no Brasil, cerca de 35 mil pessoas morreram, inclusive o presidente da Rep\u00fablica de ent\u00e3o, Rodrigo Alves (1848-1919).\u00a0<br>Na \u00e9poca, um dos medicamentos apregoados para o tratamento era uma medica\u00e7\u00e3o usada para o combate \u00e0 mal\u00e1ria (quinino).\u00a0<br>Evolu\u00edmos, estamos na era tecnol\u00f3gica, a ci\u00eancia nos proporciona conhecimentos fant\u00e1sticos, as pesquisas na \u00e1rea m\u00e9dica t\u00eam mostrando resultados no combate \u00e0s doen\u00e7as e novas drogas medicamentosas t\u00eam surgido. Por\u00e9m, 100 anos depois, nova pandemia, agora a Covid-19, leva-nos a praticar as mesmas recomenda\u00e7\u00f5es de ent\u00e3o: distanciamento social, uso de m\u00e1scara, cuidado com a higiene e, mais uma vez, um dos itens apregoados para o arsenal de medicamentos \u00e9 um rem\u00e9dio usado para o tratamento da mal\u00e1ria (cloroquina).\u00a0<br>Finalmente o alento, disponibilizado vacina\u00e7\u00e3o, ainda que em n\u00famero insuficiente, mas de maneira escalonada e crescente, e\u00a0enquanto a popula\u00e7\u00e3o n\u00e3o obtiver imunidade, ficaremos mais algum tempo assistindo aos debates sobre o melhor tratamento a ser dispensado e a medicina baseada em evid\u00eancia.\u00a0<\/p>\n\n\n\n<p>Assim como ocorreu com nossos ancestrais, av\u00f3s e pais, h\u00e1 100 anos, breve essa pandemia tamb\u00e9m ser\u00e1 hista.<\/p>\n\n\n\n<p>Nossa esperan\u00e7a \u00e9 de que isso que enfrentamos, e com certeza venceremos, fa\u00e7a com que nos tornemos pessoas cada vez melhores, honrando \u00e0queles que, como o soldado da Primeira Guerra Mundial, sucumbiram; no entanto, deixaram \u00e0s gera\u00e7\u00f5es futuras exemplos de resili\u00eancia.<\/p>\n\n\n\n<p><strong>M\u00e9dico Dr. Faustino Garcia\u00a0Alferez \u2013 CRM \u2013 PR 5432<\/strong><\/p>\n<\/body>","protected":false},"excerpt":{"rendered":"<p>O jovem soldado jaz abatido em sua trincheira. N\u00e3o tem nenhum ferimento, n\u00e3o foi exposto a nenhum agente t\u00f3xico. Apesar da fome, apresenta razo\u00e1vel estado nutricional e seu cantil ainda tem \u00e1gua. As suas vestes, mesmo surradas, parecem suficientes para enfrentar o frio intenso. A neve, que cai aos poucos, serve de cobertura sepulcral \u00e0 [&hellip;]<\/p>\n","protected":false},"author":3,"featured_media":1543,"comment_status":"open","ping_status":"open","sticky":false,"template":"","format":"standard","meta":{"footnotes":""},"categories":[6],"tags":[9,20,25,26],"class_list":["post-1542","post","type-post","status-publish","format-standard","has-post-thumbnail","hentry","category-saude","tag-amc","tag-coluna","tag-jornal","tag-pandemia"],"_links":{"self":[{"href":"https:\/\/associacaomedicacascavel.com\/index.php\/wp-json\/wp\/v2\/posts\/1542","targetHints":{"allow":["GET"]}}],"collection":[{"href":"https:\/\/associacaomedicacascavel.com\/index.php\/wp-json\/wp\/v2\/posts"}],"about":[{"href":"https:\/\/associacaomedicacascavel.com\/index.php\/wp-json\/wp\/v2\/types\/post"}],"author":[{"embeddable":true,"href":"https:\/\/associacaomedicacascavel.com\/index.php\/wp-json\/wp\/v2\/users\/3"}],"replies":[{"embeddable":true,"href":"https:\/\/associacaomedicacascavel.com\/index.php\/wp-json\/wp\/v2\/comments?post=1542"}],"version-history":[{"count":1,"href":"https:\/\/associacaomedicacascavel.com\/index.php\/wp-json\/wp\/v2\/posts\/1542\/revisions"}],"predecessor-version":[{"id":1544,"href":"https:\/\/associacaomedicacascavel.com\/index.php\/wp-json\/wp\/v2\/posts\/1542\/revisions\/1544"}],"wp:featuredmedia":[{"embeddable":true,"href":"https:\/\/associacaomedicacascavel.com\/index.php\/wp-json\/wp\/v2\/media\/1543"}],"wp:attachment":[{"href":"https:\/\/associacaomedicacascavel.com\/index.php\/wp-json\/wp\/v2\/media?parent=1542"}],"wp:term":[{"taxonomy":"category","embeddable":true,"href":"https:\/\/associacaomedicacascavel.com\/index.php\/wp-json\/wp\/v2\/categories?post=1542"},{"taxonomy":"post_tag","embeddable":true,"href":"https:\/\/associacaomedicacascavel.com\/index.php\/wp-json\/wp\/v2\/tags?post=1542"}],"curies":[{"name":"wp","href":"https:\/\/api.w.org\/{rel}","templated":true}]}}