{"id":1561,"date":"2021-06-08T14:12:21","date_gmt":"2021-06-08T17:12:21","guid":{"rendered":"http:\/\/associacaomedicacascavel.com\/?p=1561"},"modified":"2021-06-08T14:12:21","modified_gmt":"2021-06-08T17:12:21","slug":"noite-da-cultura-nordestina-julho-2009","status":"publish","type":"post","link":"https:\/\/associacaomedicacascavel.com\/index.php\/2021\/06\/08\/noite-da-cultura-nordestina-julho-2009\/","title":{"rendered":"NOITE DA CULTURA NORDESTINA &#8211; Julho 2009"},"content":{"rendered":"<body>\n<p>A Associa\u00e7\u00e3o M\u00e9dica de Cascavel (AMC), fundada em 13 de setembro de 1969, conforme seu estatuto social, \u00e9 uma associa\u00e7\u00e3o civil sem fins lucrativos, dirigida para a realiza\u00e7\u00e3o de eventos cient\u00edficos, culturais, sociais e recreativos, formada por m\u00e9dicos de Cascavel e Regi\u00e3o. Sendo assim, todos os seus presidentes estimularam ao longo destes anos a participa\u00e7\u00e3o de todos os seus associados em diversos eventos associativos e culturais.<\/p>\n\n\n\n<p>Quando na Presid\u00eancia dessa respeitada Associa\u00e7\u00e3o, houve o desejo de iniciar uma atividade cultural diferente, trazendo a nossa cidade a cultura de outras regi\u00f5es de nosso pa\u00eds. O objetivo, a partir de ent\u00e3o, era iniciar atividade de intera\u00e7\u00e3o entre estas diversas regi\u00f5es estimulando a intera\u00e7\u00e3o entre a regi\u00e3o sul, com as j\u00e1 conhecidas tradi\u00e7\u00f5es ga\u00facha e paranaense, e outras regi\u00f5es de onde muitos de nossos associados vieram.<\/p>\n\n\n\n<p>Portanto, em julho de 2009 decidimos realizar a Noite da Cultura Nordestina com a realiza\u00e7\u00e3o n\u00e3o s\u00f3 de excelente gastronomia t\u00edpica da regi\u00e3o mas tamb\u00e9m promover atividade cultura atrav\u00e9s de v\u00eddeo de artista nordestino sobre os fatos pitorescos da vida. Como sempre, as dificuldades de financiamento deste evento se mostraram logo de imediato e n\u00e3o conseguimos angariar fundos necess\u00e1rios para sua realiza\u00e7\u00e3o.<\/p>\n\n\n\n<p>Com a participa\u00e7\u00e3o ativa de toda a Diretoria na \u00e9poca fizemos levantamento de custos e decidimos trazer de Teresina-PI duas convidadas com larga experi\u00eancia em gastronomia Piauiense, as senhoras Ana L\u00facia de Souza Soares e Celsa Maria Vieira, para elaborarem o jantar t\u00edpico regional naquela noite, subsidiadas pela Diretoria. Ambas vieram via Foz do Igua\u00e7\u00fa e sentiram de imediato o choque t\u00e9rmico uma vez que sa\u00edram de l\u00e1 com a temperatura de 29\u00ba C e na chegada em Foz a temperatura era de 15\u00ba C. Procuramos oferecer todo o conforto e as condi\u00e7\u00f5es ideias para a realiza\u00e7\u00e3o de noite de gastronomia. Pitorescamente, quando solicitamos a lista dos ingredientes ficamos surpresos em saber que elas tinham trazido todo o necess\u00e1rio e, j\u00e1 de imediato, queriam conhecer as nossas instala\u00e7\u00f5es. Gostaram de nossas instala\u00e7\u00f5es e se programaram para, no dia seguinte, iniciar todos os preparativos.<\/p>\n\n\n\n<p>Em clima de enorme alegria, estas maravilhosas senhoras tomaram de conta da nossa cozinha e foram preparando os pratos t\u00edpicos sempre contando com o apoio de todos, especialmente eu e minha mulher.<\/p>\n\n\n\n<p>Ap\u00f3s a elabora\u00e7\u00e3o dos pratos t\u00edpicos que foram arrumados com esmero no nosso sal\u00e3o social, o Presidente, ap\u00f3s as devidas apresenta\u00e7\u00f5es, passou a palavra para a Sra. Ana L\u00facia que agradeceu o honroso convite, falou da gastronomia piauiense e discorreu sobre os diversos pratos descrevendo sua elabora\u00e7\u00e3o e seu sabor t\u00edpico. Os pratos confeccionados foram:<\/p>\n\n\n\n<ul class=\"wp-block-list\"><li>Maria Isabel (carne de sol cortada e frita, misturada com arroz;<\/li><li>Creme de galinha;<\/li><li>Lingui\u00e7a su\u00edna;<\/li><li>Tapioca;<\/li><li>Capote (galinha da angola) com arroz;<\/li><li>Feij\u00e3o tropeiro;<\/li><li>Bai\u00e3o de dois (feij\u00e3o verde misturado com arroz.<\/li><\/ul>\n\n\n\n<p>\u00a0Em seguida, ela se colocou \u00e0 disposi\u00e7\u00e3o para orientar os interessados nas receitas de como elabor\u00e1-los. Em seguida foi executado um v\u00eddeo c\u00f4mico do ator nordestino \u201cSpanta\u201d, natural de Natal.<\/p>\n\n\n\n<p>Foi um tremendo sucesso, embora a participa\u00e7\u00e3o fosse aqu\u00e9m da esperada, mesmo n\u00e3o se cobrando nada de cada associado.<\/p>\n\n\n\n<p>Nossa inten\u00e7\u00e3o era que esta iniciativa pioneira deveria servir de est\u00edmulo \u00e0s gest\u00f5es futuras de nossa Associa\u00e7\u00e3o, a promover a realiza\u00e7\u00e3o de outras Noites Culturais gastron\u00f4micas, de outras regi\u00f5es, na expectativa de contar com a participa\u00e7\u00e3o dos associados.<\/p>\n\n\n\n<p>A Associa\u00e7\u00e3o M\u00e9dica de Cascavel s\u00f3 \u00e9 forte com a participa\u00e7\u00e3o de todos e espero que este artigo estimule a atual Diretoria para a continuidade deste projeto inicial.<\/p>\n\n\n\n<p class=\"has-text-align-right\">Dr. Luiz de Castro Bastos \u2013 m\u00e9dico cardiologista<\/p>\n\n\n\n<p class=\"has-text-align-right\">Presidente Gest\u00f5es 1999-2001 e 2009-2011<\/p>\n\n\n\n<figure class=\"wp-block-gallery columns-2 is-cropped wp-block-gallery-1 is-layout-flex wp-block-gallery-is-layout-flex\"><ul class=\"blocks-gallery-grid\"><li class=\"blocks-gallery-item\"><figure><img loading=\"lazy\" decoding=\"async\" width=\"308\" height=\"287\" src=\"http:\/\/associacaomedicacascavel.com\/wp-content\/uploads\/2021\/06\/Ana-Lucia.jpg\" alt=\"\" data-id=\"1564\" data-full-url=\"http:\/\/associacaomedicacascavel.com\/wp-content\/uploads\/2021\/06\/Ana-Lucia.jpg\" data-link=\"http:\/\/associacaomedicacascavel.com\/?attachment_id=1564#main\" class=\"wp-image-1564\" loading=\"lazy\" srcset=\"https:\/\/associacaomedicacascavel.com\/wp-content\/uploads\/2021\/06\/Ana-Lucia.jpg 308w, https:\/\/associacaomedicacascavel.com\/wp-content\/uploads\/2021\/06\/Ana-Lucia-300x280.jpg 300w\" sizes=\"auto, (max-width: 308px) 100vw, 308px\" \/><\/figure><\/li><li class=\"blocks-gallery-item\"><figure><img loading=\"lazy\" decoding=\"async\" width=\"413\" height=\"203\" src=\"http:\/\/associacaomedicacascavel.com\/wp-content\/uploads\/2021\/06\/Dr.-Luiz-Bastos-e-Ana-Lucia.jpg\" alt=\"\" data-id=\"1563\" data-full-url=\"http:\/\/associacaomedicacascavel.com\/wp-content\/uploads\/2021\/06\/Dr.-Luiz-Bastos-e-Ana-Lucia.jpg\" data-link=\"http:\/\/associacaomedicacascavel.com\/?attachment_id=1563#main\" class=\"wp-image-1563\" loading=\"lazy\" srcset=\"https:\/\/associacaomedicacascavel.com\/wp-content\/uploads\/2021\/06\/Dr.-Luiz-Bastos-e-Ana-Lucia.jpg 413w, https:\/\/associacaomedicacascavel.com\/wp-content\/uploads\/2021\/06\/Dr.-Luiz-Bastos-e-Ana-Lucia-300x147.jpg 300w\" sizes=\"auto, (max-width: 413px) 100vw, 413px\" \/><\/figure><\/li><\/ul><\/figure>\n<\/body>","protected":false},"excerpt":{"rendered":"<p>A Associa\u00e7\u00e3o M\u00e9dica de Cascavel (AMC), fundada em 13 de setembro de 1969, conforme seu estatuto social, \u00e9 uma associa\u00e7\u00e3o civil sem fins lucrativos, dirigida para a realiza\u00e7\u00e3o de eventos cient\u00edficos, culturais, sociais e recreativos, formada por m\u00e9dicos de Cascavel e Regi\u00e3o. Sendo assim, todos os seus presidentes estimularam ao longo destes anos a participa\u00e7\u00e3o [&hellip;]<\/p>\n","protected":false},"author":3,"featured_media":1562,"comment_status":"open","ping_status":"open","sticky":false,"template":"","format":"standard","meta":{"footnotes":""},"categories":[5],"tags":[],"class_list":["post-1561","post","type-post","status-publish","format-standard","has-post-thumbnail","hentry","category-eventos"],"_links":{"self":[{"href":"https:\/\/associacaomedicacascavel.com\/index.php\/wp-json\/wp\/v2\/posts\/1561","targetHints":{"allow":["GET"]}}],"collection":[{"href":"https:\/\/associacaomedicacascavel.com\/index.php\/wp-json\/wp\/v2\/posts"}],"about":[{"href":"https:\/\/associacaomedicacascavel.com\/index.php\/wp-json\/wp\/v2\/types\/post"}],"author":[{"embeddable":true,"href":"https:\/\/associacaomedicacascavel.com\/index.php\/wp-json\/wp\/v2\/users\/3"}],"replies":[{"embeddable":true,"href":"https:\/\/associacaomedicacascavel.com\/index.php\/wp-json\/wp\/v2\/comments?post=1561"}],"version-history":[{"count":1,"href":"https:\/\/associacaomedicacascavel.com\/index.php\/wp-json\/wp\/v2\/posts\/1561\/revisions"}],"predecessor-version":[{"id":1565,"href":"https:\/\/associacaomedicacascavel.com\/index.php\/wp-json\/wp\/v2\/posts\/1561\/revisions\/1565"}],"wp:featuredmedia":[{"embeddable":true,"href":"https:\/\/associacaomedicacascavel.com\/index.php\/wp-json\/wp\/v2\/media\/1562"}],"wp:attachment":[{"href":"https:\/\/associacaomedicacascavel.com\/index.php\/wp-json\/wp\/v2\/media?parent=1561"}],"wp:term":[{"taxonomy":"category","embeddable":true,"href":"https:\/\/associacaomedicacascavel.com\/index.php\/wp-json\/wp\/v2\/categories?post=1561"},{"taxonomy":"post_tag","embeddable":true,"href":"https:\/\/associacaomedicacascavel.com\/index.php\/wp-json\/wp\/v2\/tags?post=1561"}],"curies":[{"name":"wp","href":"https:\/\/api.w.org\/{rel}","templated":true}]}}