{"id":1960,"date":"2022-04-26T15:30:57","date_gmt":"2022-04-26T18:30:57","guid":{"rendered":"https:\/\/associacaomedicacascavel.com\/?p=1960"},"modified":"2022-04-26T15:30:57","modified_gmt":"2022-04-26T18:30:57","slug":"44-anos-depois-parte-i","status":"publish","type":"post","link":"https:\/\/associacaomedicacascavel.com\/index.php\/2022\/04\/26\/44-anos-depois-parte-i\/","title":{"rendered":"44 anos depois &#8211; Parte I"},"content":{"rendered":"<body>\n<p>Nasci. 12 de julho tamb\u00e9m.<\/p>\n\n\n\n<p>Ele j\u00e1 havia escalado altos postos. Seu pa\u00eds dele se orgulhava e com ele se identificava.<\/p>\n\n\n\n<p>Usava, de inicio, simplesmente suas emo\u00e7\u00f5es e sua capa preta de poeta, que o ajudava a suportar o frio intenso de sua regi\u00e3o, ora mar, ora cordilheira do sul da Am\u00e9rica. Beleza in\u00f3spita, fauna e flora adaptadas \u00e0s intemp\u00e9ries que castigavam periodicamente o Chile.<\/p>\n\n\n\n<p>Sim, esta era sua terra. Sua l\u00edngua, seu orgulho, sua p\u00e1tria, sua luta.<\/p>\n\n\n\n<p>Ainda muito jovem, em fun\u00e7\u00f5es diplom\u00e1ticas, correu o mundo, tendo vivido em v\u00e1rias cidades do Oriente e Europa, bem como da Am\u00e9rica Central e do Sul. Isto forjou sua universalidade e sua humanidade, aflorando sua sensibilidade e inconformidade diante das injusti\u00e7as sociais, das flagrantes desigualdades de classe, da opress\u00e3o, da injusti\u00e7a, da crueldade de alguns em rela\u00e7\u00e3o a muitos. Incorporou preciosos elementos destas culturas t\u00e3o diversas e opostas.<\/p>\n\n\n\n<p>Conquistou in\u00fameros e fi\u00e9is amigos e companheiros na literatura e nas artes, em geral. Em especial, Federico Garcia Llorca, Paul \u00c9luard, Pablo Picasso, Andr\u00e9 Malraux, Aragon, dentre muitos outros.<\/p>\n\n\n\n<p>Adotou o nome de Pablo Neruda aos 16 anos, tendo j\u00e1 publicado poesias em peri\u00f3dicos sob seu nome de origem: Neftali Ricardo Reyes Basoaldo. 1904 foi o ano de seu nascimento.<\/p>\n\n\n\n<p>Nasceu poeta, para desgosto de seu pai.<\/p>\n\n\n\n<p>Poetizou a natureza selvagem e dura, bela e singular, habitada por homens resistentes, determinados e corajosos dessas terras vizinhas ao Polo Sul. Fragr\u00e2ncias, biodiversidade, despertavam sua aten\u00e7\u00e3o, curiosidade e mesmo estudo. Muito se dedicou a isto. E mostrou ao mundo seu pa\u00eds, desconhecido do hemisf\u00e9rio norte e do mundo. E levantou sua bandeira e coloriu o mapa-m\u00fandi com neve e sangue das atrocidades ali perpetradas. Como, ali\u00e1s, em outros long\u00ednquos pa\u00edses, onde todo o horror exibia sua m\u00e1scara mort\u00edfera e se reproduzia. E, coerentemente, \u00e0 \u00e9poca, abra\u00e7ou o comunismo.<\/p>\n\n\n\n<p>Amou e foi amado.<\/p>\n\n\n\n<p>Amou as palavras, assim como eu. Apanhou-as durante o voo e as acariciou com sua prodigiosa e incans\u00e1vel pena. Depositou-as no papel e as eternizou indelevelmente, sofridamente. Deu-as ao mundo, n\u00e3o sem desfazer-se de sua pele e sua alma sens\u00edvel e perspicaz. Algo t\u00edmido, na palavra escrita se sobrepujava.<\/p>\n\n\n\n<p>Viveu guerras e revolu\u00e7\u00f5es na conturbada primeira metade do s\u00e9culo XX. Posicionou-se firmemente contra os ditadores, os dominadores, e a favor do povo sofrido, onde quer que estivesse.<\/p>\n\n\n\n<p>Quando nasci, j\u00e1 era sobejamente conhecido e admirado por sua bela e pungente poesia, cantada e declamada por oper\u00e1rios, artes\u00e3os, humildes pessoas do povo, escritores, combatentes, soldados. Neste mesmo ano de 1948, tribunais de justi\u00e7a de seu pa\u00eds ordenaram sua deten\u00e7\u00e3o. Escrevia, entre grades, seu portentoso \u201cCanto General\u201d. Liberto, j\u00e1 no ano seguinte, partiria para a Uni\u00e3o Sovi\u00e9tica para as comemora\u00e7\u00f5es do sesquicenten\u00e1rio de Pushkin, ocasi\u00e3o em que foi nomeado membro do Conselho Mundial da Paz. Eu completava 1 ano de vida e era amada por minha fam\u00edlia.<\/p>\n\n\n\n<p>Sua poesia pol\u00edtica, engajada, lhe rende inimigos e perseguidores, como s\u00f3i acontecer.<\/p>\n\n\n\n<p>Destitu\u00eddo de suas fun\u00e7\u00f5es consulares algumas vezes, por posicionamentos firmes, tais fatos n\u00e3o o intimidam. Sua \u201cEspa\u00f1a en el coraz\u00f3n\u201d, contempor\u00e2nea \u00e0 Guerra Civil Espanhola, mobiliza pessoas. In\u00fameras edi\u00e7\u00f5es, tradu\u00e7\u00f5es e publica\u00e7\u00f5es em muitos pa\u00edses, tamb\u00e9m outras obras suas percorrem este caminho.<\/p>\n\n\n\n<p>Seu Pr\u00eamio Nobel de Literatura, para o qual foi nominado um sem n\u00famero de vezes, \u00e9 outorgado em 1971. Eu j\u00e1 tinha 2 filhos e fazia Pedagogia. No ano seguinte, entraria para a Faculdade de Medicina.<\/p>\n\n\n\n<p>(continua\u2026)<\/p>\n\n\n\n<p>Helena Lucia Zydan Soria \u2013 M\u00e9dica ginicologista \u2013 CRM 7488 PR.<\/p>\n<\/body>","protected":false},"excerpt":{"rendered":"<p>Nasci. 12 de julho tamb\u00e9m. Ele j\u00e1 havia escalado altos postos. Seu pa\u00eds dele se orgulhava e com ele se identificava. Usava, de inicio, simplesmente suas emo\u00e7\u00f5es e sua capa preta de poeta, que o ajudava a suportar o frio intenso de sua regi\u00e3o, ora mar, ora cordilheira do sul da Am\u00e9rica. Beleza in\u00f3spita, fauna [&hellip;]<\/p>\n","protected":false},"author":4,"featured_media":1678,"comment_status":"open","ping_status":"open","sticky":false,"template":"","format":"standard","meta":{"footnotes":""},"categories":[29],"tags":[31],"class_list":["post-1960","post","type-post","status-publish","format-standard","has-post-thumbnail","hentry","category-coluna","tag-coluna-amc"],"_links":{"self":[{"href":"https:\/\/associacaomedicacascavel.com\/index.php\/wp-json\/wp\/v2\/posts\/1960","targetHints":{"allow":["GET"]}}],"collection":[{"href":"https:\/\/associacaomedicacascavel.com\/index.php\/wp-json\/wp\/v2\/posts"}],"about":[{"href":"https:\/\/associacaomedicacascavel.com\/index.php\/wp-json\/wp\/v2\/types\/post"}],"author":[{"embeddable":true,"href":"https:\/\/associacaomedicacascavel.com\/index.php\/wp-json\/wp\/v2\/users\/4"}],"replies":[{"embeddable":true,"href":"https:\/\/associacaomedicacascavel.com\/index.php\/wp-json\/wp\/v2\/comments?post=1960"}],"version-history":[{"count":1,"href":"https:\/\/associacaomedicacascavel.com\/index.php\/wp-json\/wp\/v2\/posts\/1960\/revisions"}],"predecessor-version":[{"id":1961,"href":"https:\/\/associacaomedicacascavel.com\/index.php\/wp-json\/wp\/v2\/posts\/1960\/revisions\/1961"}],"wp:featuredmedia":[{"embeddable":true,"href":"https:\/\/associacaomedicacascavel.com\/index.php\/wp-json\/wp\/v2\/media\/1678"}],"wp:attachment":[{"href":"https:\/\/associacaomedicacascavel.com\/index.php\/wp-json\/wp\/v2\/media?parent=1960"}],"wp:term":[{"taxonomy":"category","embeddable":true,"href":"https:\/\/associacaomedicacascavel.com\/index.php\/wp-json\/wp\/v2\/categories?post=1960"},{"taxonomy":"post_tag","embeddable":true,"href":"https:\/\/associacaomedicacascavel.com\/index.php\/wp-json\/wp\/v2\/tags?post=1960"}],"curies":[{"name":"wp","href":"https:\/\/api.w.org\/{rel}","templated":true}]}}