{"id":1975,"date":"2022-05-24T14:11:42","date_gmt":"2022-05-24T17:11:42","guid":{"rendered":"https:\/\/associacaomedicacascavel.com\/?p=1975"},"modified":"2022-05-24T14:11:42","modified_gmt":"2022-05-24T17:11:42","slug":"o-sotaque-ainda-e-ouvido","status":"publish","type":"post","link":"https:\/\/associacaomedicacascavel.com\/index.php\/2022\/05\/24\/o-sotaque-ainda-e-ouvido\/","title":{"rendered":"O Sotaque ainda \u00e9 ouvido"},"content":{"rendered":"<body>\n<p>A Comunidade Italiana est\u00e1 quieta esqueceram \u201cNessun Dorma\u201d (sem dormir), e n\u00e3o se ouve mais os corais, os patronos adoeceram e alguns j\u00e1 partiram mas n\u00f3s todos que estamos aqui, seus representantes, pod\u00edamos solicitar aos nossos vereadores para comemorarmos e homenagear a Col\u00f4nia Italiana, cumprindo o que diz a lei que trata de uma sess\u00e3o especial para lembrar aqueles que, com suor e trabalho, ajudaram a construir Cascavel.<\/p>\n\n\n\n<p>\u00a0\u00a0\u00a0\u00a0\u00a0\u00a0\u00a0\u00a0\u00a0\u00a0 A primeira sess\u00e3o foi engalanada com o\u00a0coral\u00a0\u201cLadri di Cuori\u201d que nos presenteou com lindas can\u00e7\u00f5es. Naquela ocasi\u00e3o eu fiz\u00a0a sauda\u00e7\u00e3o que segue: Como Tudo Come\u00e7ou Uma Hist\u00f3ria de Amor e M\u00fasica.<\/p>\n\n\n\n<p>\u00a0\u00a0\u00a0\u00a0\u00a0\u00a0\u00a0\u00a0\u00a0\u00a0 Nos domingos pela manh\u00e3 na long\u00ednqua Barra do Pira\u00ed\u00a0no estado do Rio de Janeiro, minha m\u00e3e cantarolava as m\u00fasicas italianas que eram tocadas na R\u00e1dio Jornal do Brasil e recordo-me de\u00a0Mamma com Ben\u00edamino Gigli, Parlami d\u2019amore Mari\u00f9 com Mario Lanza ou Mattinata com Enrico Caruso e outras mais enchiam as manh\u00e3s de domingo antes da macarronada, mais\u00a0 tarde veio a \u00e9poca rom\u00e2ntica e suas m\u00fasicas cantadas por Nini Rosso, Domenico Modugno, Peppino di Capri, S\u00e9rgio\u00a0 Endrigo e a agitada Rita Pavoni.<strong><\/strong><\/p>\n\n\n\n<p>\u00a0\u00a0\u00a0\u00a0\u00a0\u00a0\u00a0\u00a0\u00a0\u00a0\u00a0\u00a0\u00a0\u00a0\u00a0\u00a0\u00a0\u00a0\u00a0\u00a0\u00a0 O filme \u201c O Candelabro Italiano\u201d marcou \u00e9poca e trouxe a lambreta para n\u00f3s, e a m\u00fasica Al di la com Em\u00edlio Pericoli.<\/p>\n\n\n\n<p>\u00a0\u00a0\u00a0\u00a0\u00a0\u00a0\u00a0\u00a0\u00a0\u00a0\u00a0\u00a0\u00a0\u00a0\u00a0\u00a0\u00a0\u00a0\u00a0\u00a0\u00a0 Na escola estud\u00e1vamos Dante, o Renascimento, o esplendor do Imp\u00e9rio Romano.<\/p>\n\n\n\n<p>\u00a0\u00a0\u00a0\u00a0\u00a0\u00a0\u00a0\u00a0\u00a0\u00a0\u00a0\u00a0\u00a0\u00a0\u00a0\u00a0\u00a0\u00a0\u00a0\u00a0\u00a0 As viagens come\u00e7aram a acontecer pelas m\u00e3os da Polvani, a minha primeira viagem teve um jantar com o Comendador Polvani em G\u00eanova e me traz muitas lembran\u00e7as, conhecemos todo o esplendor do renascimento, Michelangelo, Rafael, Leonardo da Vinci, Botticelli. Outros pontos visitamos e a cada momento a It\u00e1lia ficava mais cativante e \u00edntima, era um amor antigo que aumentava com o conv\u00edvio.<\/p>\n\n\n\n<p>\u00a0\u00a0\u00a0\u00a0\u00a0\u00a0\u00a0\u00a0\u00a0\u00a0\u00a0\u00a0\u00a0\u00a0\u00a0\u00a0\u00a0\u00a0\u00a0\u00a0\u00a0 Estava em Cascavel e a polenta que no Rio \u00e9 o angu passou a ser feita mais frequentemente e muitos outros pratos surgiram no card\u00e1pio. Os membros da Col\u00f4nia Italiana est\u00e3o em todos os setores da nossa cidade. Ajudaram a desbravar, trouxeram o progresso e sua maneira alegre de ser. Na chamada de aula do Col\u00e9gio Wilson Joffre, nas pacientes dos consult\u00f3rios, nos alunos da faculdade os sobrenomes italianos estavam presentes e hoje \u00e9 dif\u00edcil encontrarmos uma fam\u00edlia em que n\u00e3o conste um membro com sangue italiano.<\/p>\n\n\n\n<p>\u00a0\u00a0\u00a0\u00a0\u00a0\u00a0\u00a0\u00a0\u00a0\u00a0\u00a0\u00a0\u00a0\u00a0\u00a0\u00a0\u00a0\u00a0\u00a0\u00a0\u00a0 Nas duas vezes em que fui vereador muitos e muitos votos foram da comunidade \u00edtalo-brasileira que depositou confian\u00e7a no trabalho que poderia prestar.<\/p>\n\n\n\n<p>\u00a0\u00a0\u00a0\u00a0\u00a0\u00a0\u00a0\u00a0\u00a0\u00a0\u00a0\u00a0\u00a0\u00a0\u00a0\u00a0\u00a0\u00a0\u00a0\u00a0\u00a0 Sempre foi uma preocupa\u00e7\u00e3o minha manter vivo o ideal de Garibaldi, Vitor Emanuel e\u00a0Cavour que souberam mostrar a Uni\u00e3o de um povo que em um per\u00edodo de crise buscou novas terras, enfrentou mares bravios em busca da Am\u00e9rica.<\/p>\n\n\n\n<p>\u00a0\u00a0\u00a0\u00a0\u00a0\u00a0\u00a0\u00a0\u00a0\u00a0\u00a0\u00a0\u00a0\u00a0\u00a0\u00a0\u00a0\u00a0\u00a0\u00a0\u00a0 Vamos aguardar e com a expectativa de um trabalho conjunto com a Secretaria de Cultura, voltarmos as nossas tradi\u00e7\u00f5es.<\/p>\n\n\n\n<p>Dr. Jos\u00e9 de Jesus Lopes Viegas \u2013 CRM \u2013 PR\u00a05279. Presidente Associa\u00e7\u00e3o M\u00e9dica de Cascavel.<\/p>\n<\/body>","protected":false},"excerpt":{"rendered":"<p>A Comunidade Italiana est\u00e1 quieta esqueceram \u201cNessun Dorma\u201d (sem dormir), e n\u00e3o se ouve mais os corais, os patronos adoeceram e alguns j\u00e1 partiram mas n\u00f3s todos que estamos aqui, seus representantes, pod\u00edamos solicitar aos nossos vereadores para comemorarmos e homenagear a Col\u00f4nia Italiana, cumprindo o que diz a lei que trata de uma sess\u00e3o [&hellip;]<\/p>\n","protected":false},"author":4,"featured_media":1883,"comment_status":"open","ping_status":"open","sticky":false,"template":"","format":"standard","meta":{"footnotes":""},"categories":[29],"tags":[31],"class_list":["post-1975","post","type-post","status-publish","format-standard","has-post-thumbnail","hentry","category-coluna","tag-coluna-amc"],"_links":{"self":[{"href":"https:\/\/associacaomedicacascavel.com\/index.php\/wp-json\/wp\/v2\/posts\/1975","targetHints":{"allow":["GET"]}}],"collection":[{"href":"https:\/\/associacaomedicacascavel.com\/index.php\/wp-json\/wp\/v2\/posts"}],"about":[{"href":"https:\/\/associacaomedicacascavel.com\/index.php\/wp-json\/wp\/v2\/types\/post"}],"author":[{"embeddable":true,"href":"https:\/\/associacaomedicacascavel.com\/index.php\/wp-json\/wp\/v2\/users\/4"}],"replies":[{"embeddable":true,"href":"https:\/\/associacaomedicacascavel.com\/index.php\/wp-json\/wp\/v2\/comments?post=1975"}],"version-history":[{"count":1,"href":"https:\/\/associacaomedicacascavel.com\/index.php\/wp-json\/wp\/v2\/posts\/1975\/revisions"}],"predecessor-version":[{"id":1976,"href":"https:\/\/associacaomedicacascavel.com\/index.php\/wp-json\/wp\/v2\/posts\/1975\/revisions\/1976"}],"wp:featuredmedia":[{"embeddable":true,"href":"https:\/\/associacaomedicacascavel.com\/index.php\/wp-json\/wp\/v2\/media\/1883"}],"wp:attachment":[{"href":"https:\/\/associacaomedicacascavel.com\/index.php\/wp-json\/wp\/v2\/media?parent=1975"}],"wp:term":[{"taxonomy":"category","embeddable":true,"href":"https:\/\/associacaomedicacascavel.com\/index.php\/wp-json\/wp\/v2\/categories?post=1975"},{"taxonomy":"post_tag","embeddable":true,"href":"https:\/\/associacaomedicacascavel.com\/index.php\/wp-json\/wp\/v2\/tags?post=1975"}],"curies":[{"name":"wp","href":"https:\/\/api.w.org\/{rel}","templated":true}]}}