{"id":1977,"date":"2022-05-25T15:18:26","date_gmt":"2022-05-25T18:18:26","guid":{"rendered":"https:\/\/associacaomedicacascavel.com\/?p=1977"},"modified":"2022-05-25T15:18:26","modified_gmt":"2022-05-25T18:18:26","slug":"teve-inicio-o-ii-forum-de-produtividade-qualidade-e-inovacao","status":"publish","type":"post","link":"https:\/\/associacaomedicacascavel.com\/index.php\/2022\/05\/25\/teve-inicio-o-ii-forum-de-produtividade-qualidade-e-inovacao\/","title":{"rendered":"Teve in\u00edcio o II F\u00f3rum de produtividade, qualidade e inova\u00e7\u00e3o"},"content":{"rendered":"<body>\n<p>Na noite desta ter\u00e7a-feira (24) teve in\u00edcio o II F\u00f3rum de Produtividade, qualidade e inova\u00e7\u00e3o, neste ano o tema abordado \u00e9 \u201cCultura da excel\u00eancia e organiza\u00e7\u00f5es de sa\u00fade\u201d. O objetivo \u00e9 trazer para a regi\u00e3o oeste do Paran\u00e1 debates e informa\u00e7\u00f5es sobre as melhores pr\u00e1ticas relacionadas \u00e0 gest\u00e3o na \u00e1rea da sa\u00fade. <\/p>\n\n\n\n<figure class=\"wp-block-gallery has-nested-images columns-default is-cropped wp-block-gallery-1 is-layout-flex wp-block-gallery-is-layout-flex\">\n<figure class=\"wp-block-image size-large\"><img loading=\"lazy\" decoding=\"async\" width=\"2302\" height=\"1477\" data-id=\"1978\" src=\"http:\/\/associacaomedicacascavel.com\/wp-content\/uploads\/2022\/05\/Dr.-Jorge-na-abertura-do-evento-.jpg\" alt=\"\" class=\"wp-image-1978\" loading=\"lazy\" srcset=\"https:\/\/associacaomedicacascavel.com\/wp-content\/uploads\/2022\/05\/Dr.-Jorge-na-abertura-do-evento-.jpg 2302w, https:\/\/associacaomedicacascavel.com\/wp-content\/uploads\/2022\/05\/Dr.-Jorge-na-abertura-do-evento--300x192.jpg 300w, https:\/\/associacaomedicacascavel.com\/wp-content\/uploads\/2022\/05\/Dr.-Jorge-na-abertura-do-evento--1024x657.jpg 1024w, https:\/\/associacaomedicacascavel.com\/wp-content\/uploads\/2022\/05\/Dr.-Jorge-na-abertura-do-evento--768x493.jpg 768w, https:\/\/associacaomedicacascavel.com\/wp-content\/uploads\/2022\/05\/Dr.-Jorge-na-abertura-do-evento--1536x986.jpg 1536w, https:\/\/associacaomedicacascavel.com\/wp-content\/uploads\/2022\/05\/Dr.-Jorge-na-abertura-do-evento--2048x1314.jpg 2048w\" sizes=\"auto, (max-width: 2302px) 100vw, 2302px\" \/><figcaption>Dr. Jorge na abertura do evento.<\/figcaption><\/figure>\n<\/figure>\n\n\n\n<p>O evento contar\u00e1 com grandes nomes da medicina e da \u00e1rea da sa\u00fade trazendo temas essenciais \u00e0 gest\u00e3o para excel\u00eancia. Neste primeiro dia de f\u00f3rum os participantes puderam ampliar seus conhecimentos sobre Comunica\u00e7\u00e3o e Orat\u00f3ria humanizada para a \u00e1rea da sa\u00fade; Mentoria para gestores; Telemedicina e Tecnologia para Melhorar a Experi\u00eancia do Paciente; Humaniza\u00e7\u00e3o dos ambientes de trabalhos\u00a0 e para finalizar uma excelente\u00a0 palestra sobre A experi\u00eancia de Gest\u00e3o do Hospital S\u00edrio Liban\u00eas com Dra. Wania Regina Mollo Ba\u00eda.<\/p>\n\n\n\n<figure class=\"wp-block-gallery has-nested-images columns-default is-cropped wp-block-gallery-2 is-layout-flex wp-block-gallery-is-layout-flex\">\n<figure class=\"wp-block-image size-large\"><img loading=\"lazy\" decoding=\"async\" width=\"1024\" height=\"649\" data-id=\"1980\" src=\"https:\/\/associacaomedicacascavel.com\/wp-content\/uploads\/2022\/05\/Brunna-Martinazzo-e-Anne-Bertoli-1024x649.jpg\" alt=\"\" class=\"wp-image-1980\" loading=\"lazy\" srcset=\"https:\/\/associacaomedicacascavel.com\/wp-content\/uploads\/2022\/05\/Brunna-Martinazzo-e-Anne-Bertoli-1024x649.jpg 1024w, https:\/\/associacaomedicacascavel.com\/wp-content\/uploads\/2022\/05\/Brunna-Martinazzo-e-Anne-Bertoli-300x190.jpg 300w, https:\/\/associacaomedicacascavel.com\/wp-content\/uploads\/2022\/05\/Brunna-Martinazzo-e-Anne-Bertoli-768x487.jpg 768w, https:\/\/associacaomedicacascavel.com\/wp-content\/uploads\/2022\/05\/Brunna-Martinazzo-e-Anne-Bertoli-1536x974.jpg 1536w, https:\/\/associacaomedicacascavel.com\/wp-content\/uploads\/2022\/05\/Brunna-Martinazzo-e-Anne-Bertoli-2048x1298.jpg 2048w\" sizes=\"auto, (max-width: 1024px) 100vw, 1024px\" \/><figcaption>Brunna Martinato e Anne Bertoli \u2013 idealizadoras do projeto \u201cDe pessoa para pessoa\u201d.<\/figcaption><\/figure>\n<\/figure>\n\n\n\n<figure class=\"wp-block-gallery has-nested-images columns-default is-cropped wp-block-gallery-3 is-layout-flex wp-block-gallery-is-layout-flex\">\n<figure class=\"wp-block-image size-large\"><img loading=\"lazy\" decoding=\"async\" width=\"2560\" height=\"1641\" data-id=\"1979\" src=\"http:\/\/associacaomedicacascavel.com\/wp-content\/uploads\/2022\/05\/Dr.-Jorge-santos-Dr.-Gilnei-Froes-e-Evandro-Bertolin-scaled.jpg\" alt=\"\" class=\"wp-image-1979\" loading=\"lazy\" srcset=\"https:\/\/associacaomedicacascavel.com\/wp-content\/uploads\/2022\/05\/Dr.-Jorge-santos-Dr.-Gilnei-Froes-e-Evandro-Bertolin-scaled.jpg 2560w, https:\/\/associacaomedicacascavel.com\/wp-content\/uploads\/2022\/05\/Dr.-Jorge-santos-Dr.-Gilnei-Froes-e-Evandro-Bertolin-300x192.jpg 300w, https:\/\/associacaomedicacascavel.com\/wp-content\/uploads\/2022\/05\/Dr.-Jorge-santos-Dr.-Gilnei-Froes-e-Evandro-Bertolin-1024x656.jpg 1024w, https:\/\/associacaomedicacascavel.com\/wp-content\/uploads\/2022\/05\/Dr.-Jorge-santos-Dr.-Gilnei-Froes-e-Evandro-Bertolin-768x492.jpg 768w, https:\/\/associacaomedicacascavel.com\/wp-content\/uploads\/2022\/05\/Dr.-Jorge-santos-Dr.-Gilnei-Froes-e-Evandro-Bertolin-1536x984.jpg 1536w, https:\/\/associacaomedicacascavel.com\/wp-content\/uploads\/2022\/05\/Dr.-Jorge-santos-Dr.-Gilnei-Froes-e-Evandro-Bertolin-2048x1312.jpg 2048w\" sizes=\"auto, (max-width: 2560px) 100vw, 2560px\" \/><figcaption>Dr. Jorge santos, Dr. Gilnei Fr\u00f3es e Evandro Bertolin.<\/figcaption><\/figure>\n<\/figure>\n\n\n\n<figure class=\"wp-block-gallery has-nested-images columns-default is-cropped wp-block-gallery-4 is-layout-flex wp-block-gallery-is-layout-flex\">\n<figure class=\"wp-block-image size-large\"><img loading=\"lazy\" decoding=\"async\" width=\"2560\" height=\"1700\" data-id=\"1981\" src=\"http:\/\/associacaomedicacascavel.com\/wp-content\/uploads\/2022\/05\/Suellen-Marcondes-Genesio-Pegoraro-Dr.-Miroslau-Bailak-Giancarlo-Ceron-e-Ronaldo-Reis--scaled.jpg\" alt=\"\" class=\"wp-image-1981\" loading=\"lazy\" srcset=\"https:\/\/associacaomedicacascavel.com\/wp-content\/uploads\/2022\/05\/Suellen-Marcondes-Genesio-Pegoraro-Dr.-Miroslau-Bailak-Giancarlo-Ceron-e-Ronaldo-Reis--scaled.jpg 2560w, https:\/\/associacaomedicacascavel.com\/wp-content\/uploads\/2022\/05\/Suellen-Marcondes-Genesio-Pegoraro-Dr.-Miroslau-Bailak-Giancarlo-Ceron-e-Ronaldo-Reis--300x199.jpg 300w, https:\/\/associacaomedicacascavel.com\/wp-content\/uploads\/2022\/05\/Suellen-Marcondes-Genesio-Pegoraro-Dr.-Miroslau-Bailak-Giancarlo-Ceron-e-Ronaldo-Reis--1024x680.jpg 1024w, https:\/\/associacaomedicacascavel.com\/wp-content\/uploads\/2022\/05\/Suellen-Marcondes-Genesio-Pegoraro-Dr.-Miroslau-Bailak-Giancarlo-Ceron-e-Ronaldo-Reis--768x510.jpg 768w, https:\/\/associacaomedicacascavel.com\/wp-content\/uploads\/2022\/05\/Suellen-Marcondes-Genesio-Pegoraro-Dr.-Miroslau-Bailak-Giancarlo-Ceron-e-Ronaldo-Reis--1536x1020.jpg 1536w, https:\/\/associacaomedicacascavel.com\/wp-content\/uploads\/2022\/05\/Suellen-Marcondes-Genesio-Pegoraro-Dr.-Miroslau-Bailak-Giancarlo-Ceron-e-Ronaldo-Reis--2048x1360.jpg 2048w\" sizes=\"auto, (max-width: 2560px) 100vw, 2560px\" \/><figcaption>Suellen Marcondes, Gen\u00e9sio Pegoraro, Dr. Miroslau Bailak, Giancarlo Ceron e Ronaldo Reis<\/figcaption><\/figure>\n<\/figure>\n\n\n\n<p>Para participar do F\u00f3rum nesta quarta (25) e quinta (26) \u00e9 poss\u00edvel fazer a inscri\u00e7\u00e3o atrav\u00e9s do link <a href=\"http:\/\/bit.ly\/QPI2022\">bit.ly\/QPI2022<\/a>, ou diretamente na recep\u00e7\u00e3o do evento, que est\u00e1 sendo realizado, na ACIC\u00a0(Associa\u00e7\u00e3o Comercial e Industrial de Cascavel \u2013 rua pernambuco, 1800), a partir das 16h30.<\/p>\n\n\n\n<p><strong>Segue a programa\u00e7\u00e3o:<\/strong><\/p>\n\n\n\n<p><strong>Dia 25\/05\/2022 \u2013 quarta-feira<\/strong><\/p>\n\n\n\n<p>16h30min \u2013 A experi\u00eancia do colaborador e o impacto no atendimento ao cliente.<\/p>\n\n\n\n<p>17h15min \u2013 Lideran\u00e7a Humanizada<\/p>\n\n\n\n<p>18h \u2013 Atendimento em Excel\u00eancia aos Pacientes e Familiares<\/p>\n\n\n\n<p>19h15min \u2013 Inova\u00e7\u00e3o nas Organiza\u00e7\u00f5es de Sa\u00fade<\/p>\n\n\n\n<p>20h30min \u2013 Palestra principal: Inova\u00e7\u00e3o no Gest\u00e3o de Seguran\u00e7a do Paciente.<\/p>\n\n\n\n<p><strong>Dia 26\/05\/2022 \u2013 quinta-feira<\/strong><\/p>\n\n\n\n<p>16h30min \u2013 Marketing: planejamento e estrat\u00e9gias.<\/p>\n\n\n\n<p>17h15min \u2013 M\u00eddias Sociais: Saiba como usar as redes sociais a favor do seu neg\u00f3cio respeitando as normas da \u00e1rea da sa\u00fade.<\/p>\n\n\n\n<p>18h \u2013 Medicina de Precis\u00e3o e import\u00e2ncia dos exames laboratoriais.<\/p>\n\n\n\n<p>19h15min \u2013 Fertilidade conjugal no cen\u00e1rio mundial e sua relev\u00e2ncia nos segmentos de gest\u00e3o da sa\u00fade.<\/p>\n\n\n\n<p>20h30min \u2013 A forma\u00e7\u00e3o do profissional em sa\u00fade, com Dr. Rui Almeida, coordenador do curso de Medicina da FAG.<\/p>\n<\/body>","protected":false},"excerpt":{"rendered":"<p>Na noite desta ter\u00e7a-feira (24) teve in\u00edcio o II F\u00f3rum de Produtividade, qualidade e inova\u00e7\u00e3o, neste ano o tema abordado \u00e9 \u201cCultura da excel\u00eancia e organiza\u00e7\u00f5es de sa\u00fade\u201d. O objetivo \u00e9 trazer para a regi\u00e3o oeste do Paran\u00e1 debates e informa\u00e7\u00f5es sobre as melhores pr\u00e1ticas relacionadas \u00e0 gest\u00e3o na \u00e1rea da sa\u00fade. O evento contar\u00e1 [&hellip;]<\/p>\n","protected":false},"author":4,"featured_media":1981,"comment_status":"open","ping_status":"open","sticky":false,"template":"","format":"standard","meta":{"footnotes":""},"categories":[5],"tags":[9,36],"class_list":["post-1977","post","type-post","status-publish","format-standard","has-post-thumbnail","hentry","category-eventos","tag-amc","tag-evento-saude"],"_links":{"self":[{"href":"https:\/\/associacaomedicacascavel.com\/index.php\/wp-json\/wp\/v2\/posts\/1977","targetHints":{"allow":["GET"]}}],"collection":[{"href":"https:\/\/associacaomedicacascavel.com\/index.php\/wp-json\/wp\/v2\/posts"}],"about":[{"href":"https:\/\/associacaomedicacascavel.com\/index.php\/wp-json\/wp\/v2\/types\/post"}],"author":[{"embeddable":true,"href":"https:\/\/associacaomedicacascavel.com\/index.php\/wp-json\/wp\/v2\/users\/4"}],"replies":[{"embeddable":true,"href":"https:\/\/associacaomedicacascavel.com\/index.php\/wp-json\/wp\/v2\/comments?post=1977"}],"version-history":[{"count":1,"href":"https:\/\/associacaomedicacascavel.com\/index.php\/wp-json\/wp\/v2\/posts\/1977\/revisions"}],"predecessor-version":[{"id":1982,"href":"https:\/\/associacaomedicacascavel.com\/index.php\/wp-json\/wp\/v2\/posts\/1977\/revisions\/1982"}],"wp:featuredmedia":[{"embeddable":true,"href":"https:\/\/associacaomedicacascavel.com\/index.php\/wp-json\/wp\/v2\/media\/1981"}],"wp:attachment":[{"href":"https:\/\/associacaomedicacascavel.com\/index.php\/wp-json\/wp\/v2\/media?parent=1977"}],"wp:term":[{"taxonomy":"category","embeddable":true,"href":"https:\/\/associacaomedicacascavel.com\/index.php\/wp-json\/wp\/v2\/categories?post=1977"},{"taxonomy":"post_tag","embeddable":true,"href":"https:\/\/associacaomedicacascavel.com\/index.php\/wp-json\/wp\/v2\/tags?post=1977"}],"curies":[{"name":"wp","href":"https:\/\/api.w.org\/{rel}","templated":true}]}}