{"id":1983,"date":"2022-05-27T14:43:57","date_gmt":"2022-05-27T17:43:57","guid":{"rendered":"https:\/\/associacaomedicacascavel.com\/?p=1983"},"modified":"2022-05-27T14:59:22","modified_gmt":"2022-05-27T17:59:22","slug":"encerramento-do-ii-forum-de-produtividade-qualidade-e-inovacao","status":"publish","type":"post","link":"https:\/\/associacaomedicacascavel.com\/index.php\/2022\/05\/27\/encerramento-do-ii-forum-de-produtividade-qualidade-e-inovacao\/","title":{"rendered":"Encerramento do II F\u00f3rum de Produtividade, Qualidade e Inova\u00e7\u00e3o"},"content":{"rendered":"<body>\n<p>Na noite desta quinta (26), teve o encerramento do II F\u00f3rum de Produtividade, Qualidade e Inova\u00e7\u00e3o, tendo como primeira palestrante da noite a Dra. Paula Fettback, Ph.D em ginecologia e reprodu\u00e7\u00e3o humana, doutora pela FMUSP e m\u00e9dica da Cl\u00ednica M\u00e3e \u2013 SP, a segunda palestra ficou por conta do m\u00e9dico cardiologista Dr. Rui Almeida, coordenador do curso de medicina da FAG. Tamb\u00e9m esteve presente para o encerramento do F\u00f3rum o presidente da Associa\u00e7\u00e3o M\u00e9dica de Cascavel \u2013 AMC, Dr. Jos\u00e9 de Jesus Lopes Viegas.<\/p>\n\n\n\n<figure class=\"wp-block-gallery has-nested-images columns-default is-cropped wp-block-gallery-1 is-layout-flex wp-block-gallery-is-layout-flex\">\n<figure class=\"wp-block-image size-large\"><img loading=\"lazy\" decoding=\"async\" width=\"1024\" height=\"684\" data-id=\"1985\" src=\"https:\/\/associacaomedicacascavel.com\/wp-content\/uploads\/2022\/05\/Dr.-Luiz-Sergio-Com-a-filha-Paula-Fetback-e-o-presidente-da-AMC-Dr.-Jesus-Viegas-1024x684.jpg\" alt=\"\" class=\"wp-image-1985\" loading=\"lazy\" srcset=\"https:\/\/associacaomedicacascavel.com\/wp-content\/uploads\/2022\/05\/Dr.-Luiz-Sergio-Com-a-filha-Paula-Fetback-e-o-presidente-da-AMC-Dr.-Jesus-Viegas-1024x684.jpg 1024w, https:\/\/associacaomedicacascavel.com\/wp-content\/uploads\/2022\/05\/Dr.-Luiz-Sergio-Com-a-filha-Paula-Fetback-e-o-presidente-da-AMC-Dr.-Jesus-Viegas-300x200.jpg 300w, https:\/\/associacaomedicacascavel.com\/wp-content\/uploads\/2022\/05\/Dr.-Luiz-Sergio-Com-a-filha-Paula-Fetback-e-o-presidente-da-AMC-Dr.-Jesus-Viegas-768x513.jpg 768w, https:\/\/associacaomedicacascavel.com\/wp-content\/uploads\/2022\/05\/Dr.-Luiz-Sergio-Com-a-filha-Paula-Fetback-e-o-presidente-da-AMC-Dr.-Jesus-Viegas-1536x1026.jpg 1536w, https:\/\/associacaomedicacascavel.com\/wp-content\/uploads\/2022\/05\/Dr.-Luiz-Sergio-Com-a-filha-Paula-Fetback-e-o-presidente-da-AMC-Dr.-Jesus-Viegas-2048x1368.jpg 2048w\" sizes=\"auto, (max-width: 1024px) 100vw, 1024px\" \/><figcaption>Dr. Luiz S\u00e9rgio com a filha Paula Fettback e o presidente da AMC, Dr. Jesus Viegas.<\/figcaption><\/figure>\n<\/figure>\n\n\n\n<figure class=\"wp-block-gallery has-nested-images columns-default is-cropped wp-block-gallery-2 is-layout-flex wp-block-gallery-is-layout-flex\">\n<figure class=\"wp-block-image size-large\"><img loading=\"lazy\" decoding=\"async\" width=\"1024\" height=\"671\" data-id=\"1987\" src=\"https:\/\/associacaomedicacascavel.com\/wp-content\/uploads\/2022\/05\/Dra.-Paula-Fetback-durante-palestra-1024x671.jpg\" alt=\"\" class=\"wp-image-1987\" loading=\"lazy\" srcset=\"https:\/\/associacaomedicacascavel.com\/wp-content\/uploads\/2022\/05\/Dra.-Paula-Fetback-durante-palestra-1024x671.jpg 1024w, https:\/\/associacaomedicacascavel.com\/wp-content\/uploads\/2022\/05\/Dra.-Paula-Fetback-durante-palestra-300x197.jpg 300w, https:\/\/associacaomedicacascavel.com\/wp-content\/uploads\/2022\/05\/Dra.-Paula-Fetback-durante-palestra-768x503.jpg 768w, https:\/\/associacaomedicacascavel.com\/wp-content\/uploads\/2022\/05\/Dra.-Paula-Fetback-durante-palestra-1536x1007.jpg 1536w, https:\/\/associacaomedicacascavel.com\/wp-content\/uploads\/2022\/05\/Dra.-Paula-Fetback-durante-palestra-2048x1342.jpg 2048w\" sizes=\"auto, (max-width: 1024px) 100vw, 1024px\" \/><figcaption>Dra. Paula Fettback durante palestra.<\/figcaption><\/figure>\n<\/figure>\n\n\n\n<figure class=\"wp-block-gallery has-nested-images columns-default is-cropped wp-block-gallery-3 is-layout-flex wp-block-gallery-is-layout-flex\">\n<figure class=\"wp-block-image size-large\"><img loading=\"lazy\" decoding=\"async\" width=\"1024\" height=\"682\" data-id=\"1988\" src=\"https:\/\/associacaomedicacascavel.com\/wp-content\/uploads\/2022\/05\/Dr.-Rui-Almeida-palestrando-1-1024x682.jpg\" alt=\"\" class=\"wp-image-1988\" loading=\"lazy\" srcset=\"https:\/\/associacaomedicacascavel.com\/wp-content\/uploads\/2022\/05\/Dr.-Rui-Almeida-palestrando-1-1024x682.jpg 1024w, https:\/\/associacaomedicacascavel.com\/wp-content\/uploads\/2022\/05\/Dr.-Rui-Almeida-palestrando-1-300x200.jpg 300w, https:\/\/associacaomedicacascavel.com\/wp-content\/uploads\/2022\/05\/Dr.-Rui-Almeida-palestrando-1-768x511.jpg 768w, https:\/\/associacaomedicacascavel.com\/wp-content\/uploads\/2022\/05\/Dr.-Rui-Almeida-palestrando-1-1536x1022.jpg 1536w, https:\/\/associacaomedicacascavel.com\/wp-content\/uploads\/2022\/05\/Dr.-Rui-Almeida-palestrando-1-2048x1363.jpg 2048w\" sizes=\"auto, (max-width: 1024px) 100vw, 1024px\" \/><figcaption>Dr. Rui Almeida palestrando.<\/figcaption><\/figure>\n<\/figure>\n\n\n\n<figure class=\"wp-block-gallery has-nested-images columns-default is-cropped wp-block-gallery-4 is-layout-flex wp-block-gallery-is-layout-flex\">\n<figure class=\"wp-block-image size-large\"><img loading=\"lazy\" decoding=\"async\" width=\"1024\" height=\"680\" data-id=\"1989\" src=\"https:\/\/associacaomedicacascavel.com\/wp-content\/uploads\/2022\/05\/Dr.-Rui-Ameida-e-dr.-Jesus-Viegas-com-equipe-organizadora-do-evento.-1-1024x680.jpg\" alt=\"\" class=\"wp-image-1989\" loading=\"lazy\" srcset=\"https:\/\/associacaomedicacascavel.com\/wp-content\/uploads\/2022\/05\/Dr.-Rui-Ameida-e-dr.-Jesus-Viegas-com-equipe-organizadora-do-evento.-1-1024x680.jpg 1024w, https:\/\/associacaomedicacascavel.com\/wp-content\/uploads\/2022\/05\/Dr.-Rui-Ameida-e-dr.-Jesus-Viegas-com-equipe-organizadora-do-evento.-1-300x199.jpg 300w, https:\/\/associacaomedicacascavel.com\/wp-content\/uploads\/2022\/05\/Dr.-Rui-Ameida-e-dr.-Jesus-Viegas-com-equipe-organizadora-do-evento.-1-768x510.jpg 768w, https:\/\/associacaomedicacascavel.com\/wp-content\/uploads\/2022\/05\/Dr.-Rui-Ameida-e-dr.-Jesus-Viegas-com-equipe-organizadora-do-evento.-1-1536x1020.jpg 1536w, https:\/\/associacaomedicacascavel.com\/wp-content\/uploads\/2022\/05\/Dr.-Rui-Ameida-e-dr.-Jesus-Viegas-com-equipe-organizadora-do-evento.-1-2048x1360.jpg 2048w\" sizes=\"auto, (max-width: 1024px) 100vw, 1024px\" \/><figcaption>Dr. Rui Almeida e Dr. Jesus Viegas com equipe organizadora do evento.<\/figcaption><\/figure>\n<\/figure>\n<\/body>","protected":false},"excerpt":{"rendered":"<p>Na noite desta quinta (26), teve o encerramento do II F\u00f3rum de Produtividade, Qualidade e Inova\u00e7\u00e3o, tendo como primeira palestrante da noite a Dra. Paula Fettback, Ph.D em ginecologia e reprodu\u00e7\u00e3o humana, doutora pela FMUSP e m\u00e9dica da Cl\u00ednica M\u00e3e \u2013 SP, a segunda palestra ficou por conta do m\u00e9dico cardiologista Dr. Rui Almeida, coordenador [&hellip;]<\/p>\n","protected":false},"author":4,"featured_media":1984,"comment_status":"open","ping_status":"open","sticky":false,"template":"","format":"standard","meta":{"footnotes":""},"categories":[5],"tags":[],"class_list":["post-1983","post","type-post","status-publish","format-standard","has-post-thumbnail","hentry","category-eventos"],"_links":{"self":[{"href":"https:\/\/associacaomedicacascavel.com\/index.php\/wp-json\/wp\/v2\/posts\/1983","targetHints":{"allow":["GET"]}}],"collection":[{"href":"https:\/\/associacaomedicacascavel.com\/index.php\/wp-json\/wp\/v2\/posts"}],"about":[{"href":"https:\/\/associacaomedicacascavel.com\/index.php\/wp-json\/wp\/v2\/types\/post"}],"author":[{"embeddable":true,"href":"https:\/\/associacaomedicacascavel.com\/index.php\/wp-json\/wp\/v2\/users\/4"}],"replies":[{"embeddable":true,"href":"https:\/\/associacaomedicacascavel.com\/index.php\/wp-json\/wp\/v2\/comments?post=1983"}],"version-history":[{"count":5,"href":"https:\/\/associacaomedicacascavel.com\/index.php\/wp-json\/wp\/v2\/posts\/1983\/revisions"}],"predecessor-version":[{"id":1996,"href":"https:\/\/associacaomedicacascavel.com\/index.php\/wp-json\/wp\/v2\/posts\/1983\/revisions\/1996"}],"wp:featuredmedia":[{"embeddable":true,"href":"https:\/\/associacaomedicacascavel.com\/index.php\/wp-json\/wp\/v2\/media\/1984"}],"wp:attachment":[{"href":"https:\/\/associacaomedicacascavel.com\/index.php\/wp-json\/wp\/v2\/media?parent=1983"}],"wp:term":[{"taxonomy":"category","embeddable":true,"href":"https:\/\/associacaomedicacascavel.com\/index.php\/wp-json\/wp\/v2\/categories?post=1983"},{"taxonomy":"post_tag","embeddable":true,"href":"https:\/\/associacaomedicacascavel.com\/index.php\/wp-json\/wp\/v2\/tags?post=1983"}],"curies":[{"name":"wp","href":"https:\/\/api.w.org\/{rel}","templated":true}]}}