{"id":1997,"date":"2022-05-31T10:48:09","date_gmt":"2022-05-31T13:48:09","guid":{"rendered":"https:\/\/associacaomedicacascavel.com\/?p=1997"},"modified":"2022-05-31T10:48:09","modified_gmt":"2022-05-31T13:48:09","slug":"reflexoes-de-uma-noite-insone-parte-i","status":"publish","type":"post","link":"https:\/\/associacaomedicacascavel.com\/index.php\/2022\/05\/31\/reflexoes-de-uma-noite-insone-parte-i\/","title":{"rendered":"Reflex\u00f5es de uma noite insone \u2013 Parte I"},"content":{"rendered":"<body>\n<p>Em conversar com amigos, assistindo grandes pensadores e analistas, a gente se d\u00e1 conta que h\u00e1 muito paralelo entre nossa trajet\u00f3ria na vida, desde a inf\u00e2ncia at\u00e9 a senesc\u00eancia, para aqueles que tem a gra\u00e7a de alcan\u00e7\u00e1-la, com a trajet\u00f3ria das culturas e civiliza\u00e7\u00f5es conhecidas.<\/p>\n\n\n\n<p>A vida de cada ser humano pode ter diversos caminhos. Alguns mais ricos em recursos, alguns mais ricos em criatividade. Alguns sem nenhum recurso material, mental ou ambiental e com poucas oportunidades de revert\u00ea-las para um entendimento melhor da realidade. Mas todos em busca da sobreviv\u00eancia com o menor custo poss\u00edvel diante das adversidades.<\/p>\n\n\n\n<p>Estes recursos s\u00e3o muito marcados por circunst\u00e2ncias que afirmam ou contradizem os valores que nos s\u00e3o transmitidos, ou mesmo que absorvemos veladamente, subliminarmente, e que v\u00e3o nos tornando seres sempre em muta\u00e7\u00e3o de sentimentos e comportamento. Valores estes que tendem a dar uma resposta \u00e0s nossas ang\u00fastias e impot\u00eancias diante do real. Valores que v\u00e3o se adaptando \u00e0s condi\u00e7\u00f5es de \u201cmenos sofrer\u201d, mesmo quando sofremos por falta de valores mais adequados \u00e0s pr\u00f3prias circunst\u00e2ncias da vida. A vida que \u00e9 mutante, que \u00e9 din\u00e2mica e que nos negamos a admitir tal inconst\u00e2ncia.<\/p>\n\n\n\n<p>\u201cNada \u00e9 permanente, exceto a mudan\u00e7a.\u201d\u00a0 Her\u00e1clito<\/p>\n\n\n\n<p>Assim vejo, de uma forma geral, a necessidade de pensamento m\u00e1gico, de cria\u00e7\u00e3o de mitos consagrados, que \u00e9 quase que necess\u00e1ria a sua exist\u00eancia, quando da nossa inf\u00e2ncia. Quando n\u00e3o temos capacidade org\u00e2nico-mental para ter um pensamento estruturado e racional. Os mitos nos ajudam a entender o mundo de forma mais l\u00fadica e ilustrativa. Nos passam valores que podem ser permanentes na vida inteira e que podem ser um molde grotesco de personalidades que v\u00e3o ser nossas caracter\u00edsticas sociais, familiares e at\u00e9 intrapessoais. Os mitos podem ser simplifica\u00e7\u00f5es de situa\u00e7\u00f5es mais complexas para as quais n\u00e3o temos uma explica\u00e7\u00e3o exata. Mas nos acalmam a mente. E eles nos s\u00e3o fornecidos pelos educadores familiares, curriculares e at\u00e9 os sociais (talvez os nossos influenciadores primitivos fora das redes sociais). Claro que quando exacerbados no seu valor absoluto n\u00e3o podem servir de substrato para o nosso evoluir mental e emocional, e sim pode nos aprisionar numa etapa que pode se prolongar al\u00e9m do ideal.<\/p>\n\n\n\n<p>Adoro ler sobre teorias da pedagogia, pois os estudiosos, e os nem tanto, como doutrinadores baratos e interesseiros, por v\u00e1rias ocasi\u00f5es, analisam o desenvolvimento da estrutura mental das crian\u00e7as. Quando crian\u00e7as somos dotados de pensamento n\u00e3o concreto. M\u00e1gico at\u00e9. E isto nos ensina a criar uma vis\u00e3o mais bela do desconhecido. Com conceitos simples e que afirma a nossa condi\u00e7\u00e3o existencial nesta fase inicial. \u00c9 como o alvorecer. A luz solar vai dando ind\u00edcio de luminosidade, sem iluminar exatamente a paisagem, criando uma imagem distorcida, com bruma e n\u00e9voas que \u00e9 importante, pois nos d\u00e1 a sensa\u00e7\u00e3o que algo existe l\u00e1 fora, mesmo sem saber exatamente o que \u00e9. D\u00e1 a sensa\u00e7\u00e3o de que h\u00e1 algo l\u00e1 fora. N\u00e3o se v\u00ea bem o que \u00e9. Mas ati\u00e7a nossa curiosidade e certeza que h\u00e1 uma paisagem.<\/p>\n\n\n\n<p>As civiliza\u00e7\u00f5es parecem tamb\u00e9m ter a fase de mitos, pois a partir deles o c\u00e9rebro se satisfaz com alguma resposta diante do desconhecido. Isto \u00e9 t\u00e3o importante pois nos coloca numa posi\u00e7\u00e3o ativa diante do mundo. Uma pedra, presume-se, n\u00e3o tem este questionamento. Ela \u00e9 inerte ao que acontece ao seu redor. O ser humano n\u00e3o. Ele cria explica\u00e7\u00f5es, maquia a realidade para responder a quest\u00f5es que n\u00e3o temos como explicar exatamente como as coisas s\u00e3o. Cria\u00e7\u00e3o de mitos s\u00e3o um alento ao nosso desconhecer. S\u00e3o \u00fateis na fase certa. Todavia podem ser utilizados para o bem e para o mal. Para a domina\u00e7\u00e3o e para a liberta\u00e7\u00e3o das mentes e corpos.<\/p>\n\n\n\n<p>Mesmo cientistas avaliam como v\u00e1lidas, e at\u00e9 \u00fateis, estas tentativas de explicar a realidade atrav\u00e9s dos mitos. S\u00e3o o substrato para o pr\u00f3ximo passo a ser tomado. N\u00e3o digo para a evolu\u00e7\u00e3o, mas para a pr\u00f3xima etapa do pensamento.<\/p>\n\n\n\n<p>E da\u00ed nos tornamos jovens. Inundados pelas explos\u00f5es hormonais e o poder vital do organismo. Descobrimos muitas coisas que antes eram inexplic\u00e1veis. Desprezamos os mitos da inf\u00e2ncia, embora sentamos saudades deles por nos dar uma certa sensa\u00e7\u00e3o de prote\u00e7\u00e3o, e nos apegamos \u00e0s sensa\u00e7\u00f5es, que por ser novas e prazerosas, nos fascinam, dando uma falsa ideia de poder infinito e possibilidades vast\u00edssimas. Nos tornamos, \u00e0s vezes insaci\u00e1veis. Desperdi\u00e7amos esta pot\u00eancia de exist\u00eancia com buscas que nos s\u00e3o impostas por outros \u201cvalores\u201d desprovidos de embasamento \u00fatil para nossas ansiedades. \u00c9 a\u00ed ent\u00e3o, para os jovens de maior sorte, que h\u00e1 o contraponto com a experi\u00eancia real e honesta dos mais experientes. Observamos que nosso furor vital \u00e9 obscurecido pelo discurso do real. Nas civiliza\u00e7\u00f5es e culturas humanas tamb\u00e9m acontece isto. Uma civiliza\u00e7\u00e3o que atinge o auge em riqueza e poder acha que pode tudo e sempre pensa em se expandir. Quanto mais segura est\u00e1 do seu potencial, mais pr\u00f3ximo pode estar da sua ru\u00edna. \u00c1s vezes a sensa\u00e7\u00e3o de poder se torna grande que um dia ele pode nos devorar. E a realidade devora nossas certezas juvenis. Nos aquieta e nos faz, ou deveria no fazer, refletir. H\u00e1 uma situa\u00e7\u00e3o em especial no in\u00edcio da industrializa\u00e7\u00e3o que me impacta. Houve quem no in\u00edcio da industrializa\u00e7\u00e3o moderna que achava que tudo que tinha que ser inventado j\u00e1 o tinha feito. Isto no in\u00edcio do s\u00e9culo XX. E agora? Comparando com a tecnologia atual? Sempre estamos criando algo novo e mais \u00fatil.<\/p>\n\n\n\n<p>A fase da realidade, que nem sempre \u00e9 uma constante, deveria se instalar com a maturidade. Com o senso de limites e possibilidades que a vida realmente nos oferece. Com o desfrute das conquistas materiais e imateriais. Isto pode acalmar nossa \u00e2nsia de realiza\u00e7\u00f5es. Lutar pelo que \u00e9 poss\u00edvel conquistar e aceitar as limita\u00e7\u00f5es da exist\u00eancia sem pensamento m\u00e1gico ou dissimulador seria um estado harm\u00f4nico ideal a ser buscado. As civiliza\u00e7\u00f5es normalmente n\u00e3o chegam a este est\u00e1gio. Sucumbem antes. Que ben\u00e7\u00e3o seria envelhecermos com sabedoria suficiente para entender com prazer a vida passada e saber a ess\u00eancia da exist\u00eancia a ser transmitida com amor aos que est\u00e3o por vir.<\/p>\n\n\n\n<p>Adoro a cita\u00e7\u00e3o do bardo (Shakespeare), num de seus \u00e9picos, quando lamenta a condi\u00e7\u00e3o de um velho rei que apesar de idoso n\u00e3o tinha se tornado s\u00e1bio.<\/p>\n\n\n\n<p>Creio que a fase do mito, do hero\u00edsmo, na raz\u00e3o e da contempla\u00e7\u00e3o seria um bom destino humano e para as civiliza\u00e7\u00f5es.<\/p>\n\n\n\n<p>Rubem Cruz -CRM\u00a05525 \u2013 M\u00e9dico\u00a0Ortopedista e Acupunturista.<\/p>\n<\/body>","protected":false},"excerpt":{"rendered":"<p>Em conversar com amigos, assistindo grandes pensadores e analistas, a gente se d\u00e1 conta que h\u00e1 muito paralelo entre nossa trajet\u00f3ria na vida, desde a inf\u00e2ncia at\u00e9 a senesc\u00eancia, para aqueles que tem a gra\u00e7a de alcan\u00e7\u00e1-la, com a trajet\u00f3ria das culturas e civiliza\u00e7\u00f5es conhecidas. A vida de cada ser humano pode ter diversos caminhos. [&hellip;]<\/p>\n","protected":false},"author":4,"featured_media":1682,"comment_status":"open","ping_status":"open","sticky":false,"template":"","format":"standard","meta":{"footnotes":""},"categories":[29],"tags":[],"class_list":["post-1997","post","type-post","status-publish","format-standard","has-post-thumbnail","hentry","category-coluna"],"_links":{"self":[{"href":"https:\/\/associacaomedicacascavel.com\/index.php\/wp-json\/wp\/v2\/posts\/1997","targetHints":{"allow":["GET"]}}],"collection":[{"href":"https:\/\/associacaomedicacascavel.com\/index.php\/wp-json\/wp\/v2\/posts"}],"about":[{"href":"https:\/\/associacaomedicacascavel.com\/index.php\/wp-json\/wp\/v2\/types\/post"}],"author":[{"embeddable":true,"href":"https:\/\/associacaomedicacascavel.com\/index.php\/wp-json\/wp\/v2\/users\/4"}],"replies":[{"embeddable":true,"href":"https:\/\/associacaomedicacascavel.com\/index.php\/wp-json\/wp\/v2\/comments?post=1997"}],"version-history":[{"count":1,"href":"https:\/\/associacaomedicacascavel.com\/index.php\/wp-json\/wp\/v2\/posts\/1997\/revisions"}],"predecessor-version":[{"id":1998,"href":"https:\/\/associacaomedicacascavel.com\/index.php\/wp-json\/wp\/v2\/posts\/1997\/revisions\/1998"}],"wp:featuredmedia":[{"embeddable":true,"href":"https:\/\/associacaomedicacascavel.com\/index.php\/wp-json\/wp\/v2\/media\/1682"}],"wp:attachment":[{"href":"https:\/\/associacaomedicacascavel.com\/index.php\/wp-json\/wp\/v2\/media?parent=1997"}],"wp:term":[{"taxonomy":"category","embeddable":true,"href":"https:\/\/associacaomedicacascavel.com\/index.php\/wp-json\/wp\/v2\/categories?post=1997"},{"taxonomy":"post_tag","embeddable":true,"href":"https:\/\/associacaomedicacascavel.com\/index.php\/wp-json\/wp\/v2\/tags?post=1997"}],"curies":[{"name":"wp","href":"https:\/\/api.w.org\/{rel}","templated":true}]}}