{"id":2007,"date":"2022-06-21T11:20:29","date_gmt":"2022-06-21T14:20:29","guid":{"rendered":"https:\/\/associacaomedicacascavel.com\/?p=2007"},"modified":"2022-07-26T13:45:23","modified_gmt":"2022-07-26T16:45:23","slug":"amigos-amigos","status":"publish","type":"post","link":"https:\/\/associacaomedicacascavel.com\/index.php\/2022\/06\/21\/amigos-amigos\/","title":{"rendered":"Amigos, amigos&#8230;"},"content":{"rendered":"<body>\n<p>A origem da palavra amizade, que vem do latim\u00a0<em>amicus,<\/em>\u00a0possivelmente derivou de amore, amar, e representa uma rela\u00e7\u00e3o de afeto entre duas pessoas. Ela envolve o conhecimento m\u00fatuo e a afei\u00e7\u00e3o, incluindo lealdade e altru\u00edsmo.\u00a0 A amizade pode surgir por acaso. Como os homens s\u00e3o filhos de sua circunst\u00e2ncia, de seu tempo, alguns valores, atitudes e comportamentos relacionados com a amizade podem variar de acordo com a sociedade ou com o momento espec\u00edfico da hist\u00f3ria.<\/p>\n\n\n\n<p>Depois do amor, a amizade \u00e9 um dos temas mais ressaltados por nossos artistas.\u00a0 Milton Nascimento, em sua \u201cCan\u00e7\u00e3o da Am\u00e9rica\u201d, diz que amigo \u00e9 coisa rara e preciosa, para se guardar debaixo de sete chaves, dentro do cora\u00e7\u00e3o.\u00a0 Bons momentos compartilhados determinar\u00e3o lembran\u00e7as emotivas, e o que importa \u00e9 ouvir a voz que vem do cora\u00e7\u00e3o. E completa: \u201camigo \u00e9 coisa para se guardar no lado esquerdo do peito, mesmo que o tempo e a dist\u00e2ncia digam \u2018n\u00e3o\u2019, e seja o que vier, venha o que vier, qualquer dia algu\u00e9m volta para se encontrar\u201d com outra pessoa, seja amigo ou amiga.<\/p>\n\n\n\n<p>Roberto e Erasmo Carlos s\u00e3o amigos de f\u00e9 e irm\u00e3os camaradas, e d\u00e3o a receita da amizade de d\u00e9cadas: participar de jornadas comuns, ter cabe\u00e7a de homem, mas o cora\u00e7\u00e3o de menino, e ficar ao lado em qualquer caminhada ou circunst\u00e2ncia. Boas recorda\u00e7\u00f5es e atitudes de guerreiro, mantendo o cora\u00e7\u00e3o sempre de portas abertas, sem nunca cair na incerteza. E tamb\u00e9m: \u201cnos momentos dif\u00edceis da vida, em que precisamos de algu\u00e9m para ajudar na sa\u00edda, com a palavra de for\u00e7a, de f\u00e9 e de carinho, um amigo d\u00e1 a certeza de que n\u00e3o se est\u00e1 sozinho\u201d.<\/p>\n\n\n\n<p>Oswaldo Montenegro prop\u00f5e que fa\u00e7amos uma lista de grandes amigos, \u201cquem voc\u00ea mais via h\u00e1 dez anos atr\u00e1s, quantos voc\u00ea ainda v\u00ea todo dia, quantos voc\u00ea j\u00e1 n\u00e3o encontra mais?\u2026 Fa\u00e7a uma lista dos sonhos que tinha, quantos voc\u00ea desistiu de sonhar, quantos amores jurados pra sempre, quantos voc\u00ea conseguiu preservar?!\u2026 Quantos amigos voc\u00ea jogou fora?\u2026 Quantas pessoas que voc\u00ea amava, hoje, acredita que amam voc\u00ea?\u2026\u201d<\/p>\n\n\n\n<p>Para Francis Bacon, n\u00e3o h\u00e1 solid\u00e3o mais triste do que a do homem sem amizades. A falta de amigos faz com que o mundo pare\u00e7a um deserto. A dica para come\u00e7ar a fazer amizades: aprender a ouvir. Exercite essa arte. Aos poucos, os amigos come\u00e7am a aparecer. A conhecida express\u00e3o: \u201cPara conhecermos os amigos \u00e9 necess\u00e1rio passar pelo sucesso e pela desgra\u00e7a. No sucesso, verificamos a quantidade e, na desgra\u00e7a, a qualidade\u201d, \u00e9 de Conf\u00facio, que tamb\u00e9m recomendava a import\u00e2ncia de se evitar censuras entre amigos, pois elas afastam a amizade. Tamb\u00e9m \u00e9 dele: \u201co sil\u00eancio \u00e9 um amigo que nunca trai\u2026\u201d.<\/p>\n\n\n\n<p>Para S\u00eaneca, n\u00e3o interessava a quantidade, mas sim a qualidade dos amigos. E ele destacava a necessidade de sermos, primeiramente, amigos de n\u00f3s mesmos: \u201cPergunta-me qual foi o meu progresso? Comecei a ser amigo de mim mesmo\u201d. S\u00f3crates era mais cuidadoso. Sugeria que, antes de se tomar algu\u00e9m como amigo, devia-se observar como ele tratava os seus j\u00e1 amigos: \u201cN\u00e3o tomes como amigo um homem de quem n\u00e3o saibas primeiro como conservou a amizade com outros; porque deves esperar que proceder\u00e1 contigo tal como procedeu com os demais\u201d.<\/p>\n\n\n\n<p>Desde a \u00e9poca dos antigos fil\u00f3sofos gregos, destacava-se a import\u00e2ncia da amizade. Em caso de perda dela, sugeria-se a reconcilia\u00e7\u00e3o e o\u00a0<a href=\"https:\/\/pt.wikipedia.org\/wiki\/Perd%C3%A3o\">perd\u00e3o<\/a>. Para\u00a0<a href=\"https:\/\/pt.wikipedia.org\/wiki\/Carl_Rogers\">Carl Rogers<\/a>, a amizade \u201c\u00e9 a aceita\u00e7\u00e3o de cada um como realmente ele \u00e9\u201d. E isso \u00e9 dif\u00edcil\u2026 \u201c\u00c0s vezes constru\u00edmos sonhos em cima das grandes pessoas\u2026 O tempo passa e descobrimos que grandes mesmo eram os sonhos, e as pessoas pequenas demais para torn\u00e1-los reais\u201d, disse Bob Marley.<\/p>\n\n\n\n<p>Dr. M\u00e1rcio Couto \u2013 Cardiologista e Diretor da AMC \/ CRM \u2013 PR 14933.<\/p>\n<\/body>","protected":false},"excerpt":{"rendered":"<p>A origem da palavra amizade, que vem do latim\u00a0amicus,\u00a0possivelmente derivou de amore, amar, e representa uma rela\u00e7\u00e3o de afeto entre duas pessoas. Ela envolve o conhecimento m\u00fatuo e a afei\u00e7\u00e3o, incluindo lealdade e altru\u00edsmo.\u00a0 A amizade pode surgir por acaso. Como os homens s\u00e3o filhos de sua circunst\u00e2ncia, de seu tempo, alguns valores, atitudes e [&hellip;]<\/p>\n","protected":false},"author":4,"featured_media":1678,"comment_status":"open","ping_status":"open","sticky":false,"template":"","format":"standard","meta":{"footnotes":""},"categories":[29],"tags":[31],"class_list":["post-2007","post","type-post","status-publish","format-standard","has-post-thumbnail","hentry","category-coluna","tag-coluna-amc"],"_links":{"self":[{"href":"https:\/\/associacaomedicacascavel.com\/index.php\/wp-json\/wp\/v2\/posts\/2007","targetHints":{"allow":["GET"]}}],"collection":[{"href":"https:\/\/associacaomedicacascavel.com\/index.php\/wp-json\/wp\/v2\/posts"}],"about":[{"href":"https:\/\/associacaomedicacascavel.com\/index.php\/wp-json\/wp\/v2\/types\/post"}],"author":[{"embeddable":true,"href":"https:\/\/associacaomedicacascavel.com\/index.php\/wp-json\/wp\/v2\/users\/4"}],"replies":[{"embeddable":true,"href":"https:\/\/associacaomedicacascavel.com\/index.php\/wp-json\/wp\/v2\/comments?post=2007"}],"version-history":[{"count":2,"href":"https:\/\/associacaomedicacascavel.com\/index.php\/wp-json\/wp\/v2\/posts\/2007\/revisions"}],"predecessor-version":[{"id":2046,"href":"https:\/\/associacaomedicacascavel.com\/index.php\/wp-json\/wp\/v2\/posts\/2007\/revisions\/2046"}],"wp:featuredmedia":[{"embeddable":true,"href":"https:\/\/associacaomedicacascavel.com\/index.php\/wp-json\/wp\/v2\/media\/1678"}],"wp:attachment":[{"href":"https:\/\/associacaomedicacascavel.com\/index.php\/wp-json\/wp\/v2\/media?parent=2007"}],"wp:term":[{"taxonomy":"category","embeddable":true,"href":"https:\/\/associacaomedicacascavel.com\/index.php\/wp-json\/wp\/v2\/categories?post=2007"},{"taxonomy":"post_tag","embeddable":true,"href":"https:\/\/associacaomedicacascavel.com\/index.php\/wp-json\/wp\/v2\/tags?post=2007"}],"curies":[{"name":"wp","href":"https:\/\/api.w.org\/{rel}","templated":true}]}}