{"id":2009,"date":"2022-06-22T14:12:29","date_gmt":"2022-06-22T17:12:29","guid":{"rendered":"https:\/\/associacaomedicacascavel.com\/?p=2009"},"modified":"2022-06-22T14:17:15","modified_gmt":"2022-06-22T17:17:15","slug":"nota-de-pesar-9","status":"publish","type":"post","link":"https:\/\/associacaomedicacascavel.com\/index.php\/2022\/06\/22\/nota-de-pesar-9\/","title":{"rendered":"Nota de Pesar"},"content":{"rendered":"<body>\n<p>Com profundo pesar, a dire\u00e7\u00e3o da Associa\u00e7\u00e3o M\u00e9dica de Cascavel vem expressar os mais sinceros sentimentos aos familiares e amigos do Dr. Marcos Horikawa.<\/p>\n\n\n\n<p>O vel\u00f3rio ser\u00e1 realizado na Capela Master a partir das 17h desta quarta-feira (22), e o cortejo sair\u00e1 \u00e0s 10h30 da manh\u00e3 de quinta-feira (23) para o sepultamento no cemit\u00e9rio Jardins, na Estrada Municipal n\u00b0 4796 \u2013 5198 \u2013 Esmeralda, Cascavel \u2013 PR.<\/p>\n\n\n\n<figure class=\"wp-block-gallery has-nested-images columns-default is-cropped wp-block-gallery-1 is-layout-flex wp-block-gallery-is-layout-flex\">\n<figure class=\"wp-block-image size-large\"><img loading=\"lazy\" decoding=\"async\" width=\"960\" height=\"825\" data-id=\"2011\" src=\"https:\/\/associacaomedicacascavel.com\/wp-content\/uploads\/2022\/06\/Dr.-Marcos-Horikawa-1.jpg\" alt=\"\" class=\"wp-image-2011\" loading=\"lazy\" srcset=\"https:\/\/associacaomedicacascavel.com\/wp-content\/uploads\/2022\/06\/Dr.-Marcos-Horikawa-1.jpg 960w, https:\/\/associacaomedicacascavel.com\/wp-content\/uploads\/2022\/06\/Dr.-Marcos-Horikawa-1-300x258.jpg 300w, https:\/\/associacaomedicacascavel.com\/wp-content\/uploads\/2022\/06\/Dr.-Marcos-Horikawa-1-768x660.jpg 768w\" sizes=\"auto, (max-width: 960px) 100vw, 960px\" \/><figcaption>Foto: arquivo pessoal.<\/figcaption><\/figure>\n<\/figure>\n<\/body>","protected":false},"excerpt":{"rendered":"<p>Com profundo pesar, a dire\u00e7\u00e3o da Associa\u00e7\u00e3o M\u00e9dica de Cascavel vem expressar os mais sinceros sentimentos aos familiares e amigos do Dr. Marcos Horikawa. O vel\u00f3rio ser\u00e1 realizado na Capela Master a partir das 17h desta quarta-feira (22), e o cortejo sair\u00e1 \u00e0s 10h30 da manh\u00e3 de quinta-feira (23) para o sepultamento no cemit\u00e9rio Jardins, [&hellip;]<\/p>\n","protected":false},"author":4,"featured_media":2010,"comment_status":"open","ping_status":"open","sticky":false,"template":"","format":"standard","meta":{"footnotes":""},"categories":[4],"tags":[],"class_list":["post-2009","post","type-post","status-publish","format-standard","has-post-thumbnail","hentry","category-noticias"],"_links":{"self":[{"href":"https:\/\/associacaomedicacascavel.com\/index.php\/wp-json\/wp\/v2\/posts\/2009","targetHints":{"allow":["GET"]}}],"collection":[{"href":"https:\/\/associacaomedicacascavel.com\/index.php\/wp-json\/wp\/v2\/posts"}],"about":[{"href":"https:\/\/associacaomedicacascavel.com\/index.php\/wp-json\/wp\/v2\/types\/post"}],"author":[{"embeddable":true,"href":"https:\/\/associacaomedicacascavel.com\/index.php\/wp-json\/wp\/v2\/users\/4"}],"replies":[{"embeddable":true,"href":"https:\/\/associacaomedicacascavel.com\/index.php\/wp-json\/wp\/v2\/comments?post=2009"}],"version-history":[{"count":2,"href":"https:\/\/associacaomedicacascavel.com\/index.php\/wp-json\/wp\/v2\/posts\/2009\/revisions"}],"predecessor-version":[{"id":2013,"href":"https:\/\/associacaomedicacascavel.com\/index.php\/wp-json\/wp\/v2\/posts\/2009\/revisions\/2013"}],"wp:featuredmedia":[{"embeddable":true,"href":"https:\/\/associacaomedicacascavel.com\/index.php\/wp-json\/wp\/v2\/media\/2010"}],"wp:attachment":[{"href":"https:\/\/associacaomedicacascavel.com\/index.php\/wp-json\/wp\/v2\/media?parent=2009"}],"wp:term":[{"taxonomy":"category","embeddable":true,"href":"https:\/\/associacaomedicacascavel.com\/index.php\/wp-json\/wp\/v2\/categories?post=2009"},{"taxonomy":"post_tag","embeddable":true,"href":"https:\/\/associacaomedicacascavel.com\/index.php\/wp-json\/wp\/v2\/tags?post=2009"}],"curies":[{"name":"wp","href":"https:\/\/api.w.org\/{rel}","templated":true}]}}