{"id":2014,"date":"2022-06-22T16:46:14","date_gmt":"2022-06-22T19:46:14","guid":{"rendered":"https:\/\/associacaomedicacascavel.com\/?p=2014"},"modified":"2022-06-22T16:46:14","modified_gmt":"2022-06-22T19:46:14","slug":"final-do-campeonato-de-futebol-suico-da-amc","status":"publish","type":"post","link":"https:\/\/associacaomedicacascavel.com\/index.php\/2022\/06\/22\/final-do-campeonato-de-futebol-suico-da-amc\/","title":{"rendered":"Final do Campeonato de Futebol Sui\u00e7o da AMC"},"content":{"rendered":"<body>\n<p>Aconteceu na noite de ontem (21) o encerramento do Campeonato de Futebol Sui\u00e7o da AMC na sede da entidade. O campe\u00e3o foi \u201cFarm\u00e1cia Nissei\u201d e o vice-campe\u00e3o \u201cE5 Engenharia\u201d.\u00a0<\/p>\n\n\n\n<figure class=\"wp-block-gallery has-nested-images columns-default is-cropped wp-block-gallery-1 is-layout-flex wp-block-gallery-is-layout-flex\">\n<figure class=\"wp-block-image size-large\"><img loading=\"lazy\" decoding=\"async\" width=\"900\" height=\"600\" data-id=\"2018\" src=\"https:\/\/associacaomedicacascavel.com\/wp-content\/uploads\/2022\/06\/page-2.jpg\" alt=\"\" class=\"wp-image-2018\" loading=\"lazy\" srcset=\"https:\/\/associacaomedicacascavel.com\/wp-content\/uploads\/2022\/06\/page-2.jpg 900w, https:\/\/associacaomedicacascavel.com\/wp-content\/uploads\/2022\/06\/page-2-300x200.jpg 300w, https:\/\/associacaomedicacascavel.com\/wp-content\/uploads\/2022\/06\/page-2-768x512.jpg 768w\" sizes=\"auto, (max-width: 900px) 100vw, 900px\" \/><figcaption>Foto: Cesar Pilatti.<\/figcaption><\/figure>\n<\/figure>\n\n\n\n<p>Para o vice-presidente da entidade, o m\u00e9dico Dr. Cristiano Mroginski, que participou do torneio. inclusive tendo seu time como vitorioso. diz que \u00e9 uma satisfa\u00e7\u00e3o nessa p\u00f3s pandemia estar brincando com os amigos. Quanto ao jogo, foi uma disputa acirrada at\u00e9 o final, e \u00e9 bom ser vitorioso em um campeonato que tinha sete times, inclusive parabenizou o Valter do esporte que foi tudo muito bem organizado. O Dr. Cristiano faz quest\u00e3o de pedir aos amigos m\u00e9dicos que ainda n\u00e3o fazem parte da AMC que venham fazer parte dessa alegria e partilhar momentos com a classe.<\/p>\n\n\n\n<figure class=\"wp-block-gallery has-nested-images columns-default is-cropped wp-block-gallery-2 is-layout-flex wp-block-gallery-is-layout-flex\">\n<figure class=\"wp-block-image size-large\"><img loading=\"lazy\" decoding=\"async\" width=\"2560\" height=\"1700\" data-id=\"2019\" src=\"http:\/\/associacaomedicacascavel.com\/wp-content\/uploads\/2022\/06\/DSC_8344-scaled.jpg\" alt=\"\" class=\"wp-image-2019\" loading=\"lazy\" srcset=\"https:\/\/associacaomedicacascavel.com\/wp-content\/uploads\/2022\/06\/DSC_8344-scaled.jpg 2560w, https:\/\/associacaomedicacascavel.com\/wp-content\/uploads\/2022\/06\/DSC_8344-300x199.jpg 300w, https:\/\/associacaomedicacascavel.com\/wp-content\/uploads\/2022\/06\/DSC_8344-1024x680.jpg 1024w, https:\/\/associacaomedicacascavel.com\/wp-content\/uploads\/2022\/06\/DSC_8344-768x510.jpg 768w, https:\/\/associacaomedicacascavel.com\/wp-content\/uploads\/2022\/06\/DSC_8344-1536x1020.jpg 1536w, https:\/\/associacaomedicacascavel.com\/wp-content\/uploads\/2022\/06\/DSC_8344-2048x1360.jpg 2048w\" sizes=\"auto, (max-width: 2560px) 100vw, 2560px\" \/><figcaption>Foto: Cesar Pilatti.<\/figcaption><\/figure>\n<\/figure>\n\n\n\n<p>J\u00e1 o diretor de esportes da entidade, o m\u00e9dico Dr. Diogo Lacerda diz que \u201cFoi muito gratificante depois dessa pandemia estar novamente reunidos e participar com os amigos m\u00e9dicos desse campeonato na AMC, com muita amizade e divers\u00e3o\u201d. O Dr. Diogo tamb\u00e9m participou do torneio sendo vice-campe\u00e3o e disse que o importante \u00e9 estar participando do esporte com os amigos. Dr. Diogo faz um convite aos colegas \u201c \u00c9 importante que os m\u00e9dicos rec\u00e9m formados venham participar da entidade, para conhecer novos amigos de classe, fazer atividade f\u00edsica e fortalecer a classe\u201d.<\/p>\n\n\n\n<figure class=\"wp-block-gallery has-nested-images columns-default is-cropped wp-block-gallery-3 is-layout-flex wp-block-gallery-is-layout-flex\">\n<figure class=\"wp-block-image size-large is-style-default\"><img loading=\"lazy\" decoding=\"async\" width=\"1024\" height=\"685\" data-id=\"2017\" src=\"https:\/\/associacaomedicacascavel.com\/wp-content\/uploads\/2022\/06\/DSC_8340-1024x685.jpg\" alt=\"\" class=\"wp-image-2017\" loading=\"lazy\" srcset=\"https:\/\/associacaomedicacascavel.com\/wp-content\/uploads\/2022\/06\/DSC_8340-1024x685.jpg 1024w, https:\/\/associacaomedicacascavel.com\/wp-content\/uploads\/2022\/06\/DSC_8340-300x201.jpg 300w, https:\/\/associacaomedicacascavel.com\/wp-content\/uploads\/2022\/06\/DSC_8340-768x514.jpg 768w, https:\/\/associacaomedicacascavel.com\/wp-content\/uploads\/2022\/06\/DSC_8340-1536x1028.jpg 1536w, https:\/\/associacaomedicacascavel.com\/wp-content\/uploads\/2022\/06\/DSC_8340-2048x1371.jpg 2048w\" sizes=\"auto, (max-width: 1024px) 100vw, 1024px\" \/><figcaption>Foto: Cesar Pilatti.<\/figcaption><\/figure>\n<\/figure>\n<\/body>","protected":false},"excerpt":{"rendered":"<p>Aconteceu na noite de ontem (21) o encerramento do Campeonato de Futebol Sui\u00e7o da AMC na sede da entidade. O campe\u00e3o foi \u201cFarm\u00e1cia Nissei\u201d e o vice-campe\u00e3o \u201cE5 Engenharia\u201d.\u00a0 Para o vice-presidente da entidade, o m\u00e9dico Dr. Cristiano Mroginski, que participou do torneio. inclusive tendo seu time como vitorioso. diz que \u00e9 uma satisfa\u00e7\u00e3o nessa [&hellip;]<\/p>\n","protected":false},"author":4,"featured_media":2018,"comment_status":"open","ping_status":"open","sticky":false,"template":"","format":"standard","meta":{"footnotes":""},"categories":[5],"tags":[],"class_list":["post-2014","post","type-post","status-publish","format-standard","has-post-thumbnail","hentry","category-eventos"],"_links":{"self":[{"href":"https:\/\/associacaomedicacascavel.com\/index.php\/wp-json\/wp\/v2\/posts\/2014","targetHints":{"allow":["GET"]}}],"collection":[{"href":"https:\/\/associacaomedicacascavel.com\/index.php\/wp-json\/wp\/v2\/posts"}],"about":[{"href":"https:\/\/associacaomedicacascavel.com\/index.php\/wp-json\/wp\/v2\/types\/post"}],"author":[{"embeddable":true,"href":"https:\/\/associacaomedicacascavel.com\/index.php\/wp-json\/wp\/v2\/users\/4"}],"replies":[{"embeddable":true,"href":"https:\/\/associacaomedicacascavel.com\/index.php\/wp-json\/wp\/v2\/comments?post=2014"}],"version-history":[{"count":1,"href":"https:\/\/associacaomedicacascavel.com\/index.php\/wp-json\/wp\/v2\/posts\/2014\/revisions"}],"predecessor-version":[{"id":2020,"href":"https:\/\/associacaomedicacascavel.com\/index.php\/wp-json\/wp\/v2\/posts\/2014\/revisions\/2020"}],"wp:featuredmedia":[{"embeddable":true,"href":"https:\/\/associacaomedicacascavel.com\/index.php\/wp-json\/wp\/v2\/media\/2018"}],"wp:attachment":[{"href":"https:\/\/associacaomedicacascavel.com\/index.php\/wp-json\/wp\/v2\/media?parent=2014"}],"wp:term":[{"taxonomy":"category","embeddable":true,"href":"https:\/\/associacaomedicacascavel.com\/index.php\/wp-json\/wp\/v2\/categories?post=2014"},{"taxonomy":"post_tag","embeddable":true,"href":"https:\/\/associacaomedicacascavel.com\/index.php\/wp-json\/wp\/v2\/tags?post=2014"}],"curies":[{"name":"wp","href":"https:\/\/api.w.org\/{rel}","templated":true}]}}