{"id":2024,"date":"2022-06-28T14:32:20","date_gmt":"2022-06-28T17:32:20","guid":{"rendered":"https:\/\/associacaomedicacascavel.com\/?p=2024"},"modified":"2022-06-28T17:54:16","modified_gmt":"2022-06-28T20:54:16","slug":"o-medico-cantor","status":"publish","type":"post","link":"https:\/\/associacaomedicacascavel.com\/index.php\/2022\/06\/28\/o-medico-cantor\/","title":{"rendered":"O M\u00e9dico Cantor"},"content":{"rendered":"<body>\n<p>Marcos Horicawa, a vis\u00e3o que tenho dele \u00e9 alegre com boa entona\u00e7\u00e3o de voz e um repert\u00f3rio que sempre agradava pois ia da m\u00fasica popular brasileira ao sertanejo cl\u00e1ssico, passando as vezes por um bolero, assim era o m\u00e9dico que com um sorriso farto era calmo e h\u00e1bil ao dissecar veias e art\u00e9rias, ao buscar acessos e instalar f\u00edstulas.<\/p>\n\n\n\n<p>Ao assumir a presid\u00eancia da Associa\u00e7\u00e3o M\u00e9dica no in\u00edcio da minha vida em Cascavel, eu era Secret\u00e1rio de Sa\u00fade na Gest\u00e3o Jacy Scanagata e organizei uma Jornada Ginecol\u00f3gia convidando os professores do Instituto de Ginecologia da UFRJ de onde eu era oriundo.<\/p>\n\n\n\n<p>Num s\u00e1bado pela manh\u00e3 est\u00e1vamos reunidos na C\u00e2mara de Vereadores, pois n\u00e3o existiam audit\u00f3rios dispon\u00edveis naquela \u00e9poca e convidamos o Marcos, que n\u00e3o compareceu, ficamos tristes, mas o que poderia ter acontecido? Depois soubemos que na mesma manh\u00e3 de sol forte, na Rua Mato Grosso na Pizzaria \u201cA Taberna\u201d l\u00e1 estava o Marcos com alguns colegas que sempre se irmanavam num encontro quase religioso sorvendo uma cerveja geladinha na manh\u00e3 ensolarada de ver\u00e3o. A desculpa? Esquecimento da data. Foi perdoado pois sa\u00edra de um plant\u00e3o exaustivo na noite anterior.<\/p>\n\n\n\n<p>Marcos viveu momentos dif\u00edceis como o que estamos vivendo agora na Associa\u00e7\u00e3o M\u00e9dica, e resolveu fazer uma rifa de um trator, mas muitos n\u00e3o concordaram, o que um m\u00e9dico vai fazer com um trator?<\/p>\n\n\n\n<p>Eu era um deles, pois tinha uma Variant azul placa PV 1111 que trouxera do Rio, usava \u00e0 servi\u00e7o um fusca da prefeitura.<\/p>\n\n\n\n<p>At\u00e9 hoje n\u00e3o sei quem foi o felizardo (rifa do Trator), se tivera ch\u00e1cara ou fazenda ou azarado que teria que se livrar do pr\u00eamio.<\/p>\n\n\n\n<p>Recentemente ligou-me para atender no parto da nora, pois iria nascer sua neta, filha do Junior. Foi uma alegria incontida para toda fam\u00edlia.<\/p>\n\n\n\n<p>Revi esta linda crian\u00e7a em visita ao av\u00f4, num momento de carinho e afagos no Hospital S\u00e3o Lucas, quando em tratamento.<\/p>\n\n\n\n<p>Lembrei-me das festas das crian\u00e7as, meus tr\u00eas filhos e os tr\u00eas dele, quando se encontravam nos anivers\u00e1rios, e eram tr\u00eas por ano l\u00e1 no Mato Grosso no terreno entre nossa casa e a casa do Coronel Aroldo, era um verdadeiro parque de divers\u00f5es, muitas crian\u00e7as, quase todas filhas de m\u00e9dicos, mas alguns eram amigos de outras profiss\u00f5es que se divertiam em um grande espa\u00e7o criado pela Regina, a cunhada que tamb\u00e9m n\u00e3o est\u00e1 mais neste mundo, vive com outros tantos no mundo espiritual.<\/p>\n\n\n\n<p>Quando soube da not\u00edcia de sua doen\u00e7a, arranjei pretexto e fui me consultar, na realidade queria v\u00ea-lo saber como estava e deparei-me com o mesmo Marcos de sempre, risonho, alegre e consciente da dificuldade que o esperava. Continuarei orando para a sua evolu\u00e7\u00e3o, deixou saudades mas como j\u00e1 disse: \u201cAlegres Saudades!\u201d.<\/p>\n\n\n\n<p>Dr. Jos\u00e9 de Jesus Lopes Viegas \/ CRM \u2013 PR 5279 \/ Presidente Associa\u00e7\u00e3o M\u00e9dica de Cascavel.<\/p>\n\n\n\n<p>(Uma homenagem de Dr. Jesus Viegas para Dr. Marcos Horicawua \u2013 Foto de capa: arquivo pessoal).<\/p>\n<\/body>","protected":false},"excerpt":{"rendered":"<p>Marcos Horicawa, a vis\u00e3o que tenho dele \u00e9 alegre com boa entona\u00e7\u00e3o de voz e um repert\u00f3rio que sempre agradava pois ia da m\u00fasica popular brasileira ao sertanejo cl\u00e1ssico, passando as vezes por um bolero, assim era o m\u00e9dico que com um sorriso farto era calmo e h\u00e1bil ao dissecar veias e art\u00e9rias, ao buscar [&hellip;]<\/p>\n","protected":false},"author":4,"featured_media":2011,"comment_status":"open","ping_status":"open","sticky":false,"template":"","format":"standard","meta":{"footnotes":""},"categories":[29],"tags":[],"class_list":["post-2024","post","type-post","status-publish","format-standard","has-post-thumbnail","hentry","category-coluna"],"_links":{"self":[{"href":"https:\/\/associacaomedicacascavel.com\/index.php\/wp-json\/wp\/v2\/posts\/2024","targetHints":{"allow":["GET"]}}],"collection":[{"href":"https:\/\/associacaomedicacascavel.com\/index.php\/wp-json\/wp\/v2\/posts"}],"about":[{"href":"https:\/\/associacaomedicacascavel.com\/index.php\/wp-json\/wp\/v2\/types\/post"}],"author":[{"embeddable":true,"href":"https:\/\/associacaomedicacascavel.com\/index.php\/wp-json\/wp\/v2\/users\/4"}],"replies":[{"embeddable":true,"href":"https:\/\/associacaomedicacascavel.com\/index.php\/wp-json\/wp\/v2\/comments?post=2024"}],"version-history":[{"count":3,"href":"https:\/\/associacaomedicacascavel.com\/index.php\/wp-json\/wp\/v2\/posts\/2024\/revisions"}],"predecessor-version":[{"id":2029,"href":"https:\/\/associacaomedicacascavel.com\/index.php\/wp-json\/wp\/v2\/posts\/2024\/revisions\/2029"}],"wp:featuredmedia":[{"embeddable":true,"href":"https:\/\/associacaomedicacascavel.com\/index.php\/wp-json\/wp\/v2\/media\/2011"}],"wp:attachment":[{"href":"https:\/\/associacaomedicacascavel.com\/index.php\/wp-json\/wp\/v2\/media?parent=2024"}],"wp:term":[{"taxonomy":"category","embeddable":true,"href":"https:\/\/associacaomedicacascavel.com\/index.php\/wp-json\/wp\/v2\/categories?post=2024"},{"taxonomy":"post_tag","embeddable":true,"href":"https:\/\/associacaomedicacascavel.com\/index.php\/wp-json\/wp\/v2\/tags?post=2024"}],"curies":[{"name":"wp","href":"https:\/\/api.w.org\/{rel}","templated":true}]}}