{"id":2040,"date":"2022-07-19T14:31:34","date_gmt":"2022-07-19T17:31:34","guid":{"rendered":"https:\/\/associacaomedicacascavel.com\/?p=2040"},"modified":"2022-07-19T15:08:04","modified_gmt":"2022-07-19T18:08:04","slug":"o-homem-dos-sabores","status":"publish","type":"post","link":"https:\/\/associacaomedicacascavel.com\/index.php\/2022\/07\/19\/o-homem-dos-sabores\/","title":{"rendered":"O homem dos salares"},"content":{"rendered":"<body>\n<p>Na mesma semana em que o Fred se despedia dos gramados do futebol, um outro Freddy, este com dois \u201cd\u201d e \u201cy\u201d, querido nosso, se despedia deste plano passando agora para a vida do esp\u00edrito.<\/p>\n\n\n\n<p>Durante muitos anos convivemos juntos nos jantares e almo\u00e7os comemorativos, embora quase sempre solteiro, pois foi sua voca\u00e7\u00e3o durante muitos anos.<\/p>\n\n\n\n<p>O Freddy fez parte de uma empresa que criamos para poder trabalhar no HU e tamb\u00e9m um de seus filhos, o Thiago, no primeiro momento eram cinco os m\u00e9dicos, deixou de s\u00ea-lo, mas o nome continuou.<\/p>\n\n\n\n<p>Lembro-me que fui seu paciente, foi em um epis\u00f3dio de doen\u00e7a pulmonar fui submetido a uma broncoscopia, tive suspeita de tumor cancer\u00edgeno, mas com toda a habilidade o Freddy o biopsiou e o diagn\u00f3stico veio, um tuberculoma calcificado, ou seja, tive uma tuberculose n\u00e3o sei quando, na adolesc\u00eancia, e ficou um n\u00f3dulo envelhecido.<\/p>\n\n\n\n<p>O Freddy quando chegou em Cascavel nos idos de 70 trabalhou com o Garcia como gastro e alguns anos depois especializou-se em cirurgia do t\u00f3rax e geral. Algumas vezes tive a oportunidade de, em tom de brincadeira, perguntar se ele teve contato com um p\u00f3 branco que \u00e9 comum na Bol\u00edvia, mas ele muito esperto saiu-se com esta: \u201csim visitei v\u00e1rias vezes os salares de Uyuni nos Andes que \u00e9 o maior deserto de sal do mundo com 11.000km\u00b2\u201d, e recebi uma aula de geografia e turismo, de uma regi\u00e3o que n\u00e3o conhe\u00e7o, mas aprendi a gostar gra\u00e7as as conversas com meu amigo Freddy.<\/p>\n\n\n\n<p>O Freddy quando chegou em Cascavel nos idos de 70 trabalhou com o Garcia como gastro e alguns anos depois especializou-se em cirurgia do t\u00f3rax e geral. Algumas vezes tive a oportunidade de, em tom de brincadeira, perguntar se ele teve contato com um p\u00f3 branco que \u00e9 comum na Bol\u00edvia, mas ele muito esperto saiu-se com esta: \u201csim visitei v\u00e1rias vezes os salares de Uyuni nos Andes que \u00e9 o maior deserto de sal do mundo com 11.000km\u00b2\u201d, e recebi uma aula de geografia e turismo, de uma regi\u00e3o que n\u00e3o conhe\u00e7o, mas aprendi a gostar gra\u00e7as as conversas com meu amigo Freddy.<\/p>\n\n\n\n<p>Lembro-me que quando morei na Rua Mato Grosso era vizinho do Mario da Taberna, e muitas vezes encontrei-me com ele, nos fins de noite, ou nas manh\u00e3s de s\u00e1bado com o grupo j\u00e1 citado, quando\u00a0 contei a hist\u00f3ria do Horicawa, e confidenciou-me \u201ctenho uma m\u00e1goa de um colega m\u00e9dico\u201d (agora tamb\u00e9m j\u00e1 falecido) que resolveu vingar-se de um coment\u00e1rio, armando uma trama, que quase\u00a0 provoca a abertura de um processo, mas como sou profissional, \u00e9tico, honesto, e amigo foi logo reconhecido como tal e o outro colega desmascarado, da farsa e cal\u00fanias que queria manch\u00e1-lo. Provavelmente no mundo espiritual ir\u00e1 pedir perd\u00e3o ao Freddy por tal vil acusa\u00e7\u00e3o. Foi a \u00fanica vez que o vi chateado com algum acontecimento.<\/p>\n\n\n\n<p>Todos os anos em cinco de julho o cumprimentava pelo anivers\u00e1rio e quando o fiz h\u00e1 uma semana, falei com a Ivete, companheira insepar\u00e1vel que o estava levando para fazer exames e transmitiu meu recado, e logo depois foi internado despedindo-se de n\u00f3s, deixando saudades de muitas hist\u00f3rias, protagonizadas pelo Menolli.<\/p>\n\n\n\n<p>Seus filhos seguir\u00e3o sua trilha deixando pessoas saud\u00e1veis e saudosos da maneira de ser.<\/p>\n\n\n\n<p>At\u00e9 um dia meu bom amigo.<\/p>\n\n\n\n<p><em>Dr. Jos\u00e9 de Jesus Lopes Viegas \u2013 CRM-PR 5279 \u2013 Presidente Associa\u00e7\u00e3o M\u00e9dica de Cascavel.<\/em><\/p>\n<\/body>","protected":false},"excerpt":{"rendered":"<p>Na mesma semana em que o Fred se despedia dos gramados do futebol, um outro Freddy, este com dois \u201cd\u201d e \u201cy\u201d, querido nosso, se despedia deste plano passando agora para a vida do esp\u00edrito. Durante muitos anos convivemos juntos nos jantares e almo\u00e7os comemorativos, embora quase sempre solteiro, pois foi sua voca\u00e7\u00e3o durante muitos [&hellip;]<\/p>\n","protected":false},"author":4,"featured_media":1682,"comment_status":"open","ping_status":"open","sticky":false,"template":"","format":"standard","meta":{"footnotes":""},"categories":[29],"tags":[31],"class_list":["post-2040","post","type-post","status-publish","format-standard","has-post-thumbnail","hentry","category-coluna","tag-coluna-amc"],"_links":{"self":[{"href":"https:\/\/associacaomedicacascavel.com\/index.php\/wp-json\/wp\/v2\/posts\/2040","targetHints":{"allow":["GET"]}}],"collection":[{"href":"https:\/\/associacaomedicacascavel.com\/index.php\/wp-json\/wp\/v2\/posts"}],"about":[{"href":"https:\/\/associacaomedicacascavel.com\/index.php\/wp-json\/wp\/v2\/types\/post"}],"author":[{"embeddable":true,"href":"https:\/\/associacaomedicacascavel.com\/index.php\/wp-json\/wp\/v2\/users\/4"}],"replies":[{"embeddable":true,"href":"https:\/\/associacaomedicacascavel.com\/index.php\/wp-json\/wp\/v2\/comments?post=2040"}],"version-history":[{"count":2,"href":"https:\/\/associacaomedicacascavel.com\/index.php\/wp-json\/wp\/v2\/posts\/2040\/revisions"}],"predecessor-version":[{"id":2043,"href":"https:\/\/associacaomedicacascavel.com\/index.php\/wp-json\/wp\/v2\/posts\/2040\/revisions\/2043"}],"wp:featuredmedia":[{"embeddable":true,"href":"https:\/\/associacaomedicacascavel.com\/index.php\/wp-json\/wp\/v2\/media\/1682"}],"wp:attachment":[{"href":"https:\/\/associacaomedicacascavel.com\/index.php\/wp-json\/wp\/v2\/media?parent=2040"}],"wp:term":[{"taxonomy":"category","embeddable":true,"href":"https:\/\/associacaomedicacascavel.com\/index.php\/wp-json\/wp\/v2\/categories?post=2040"},{"taxonomy":"post_tag","embeddable":true,"href":"https:\/\/associacaomedicacascavel.com\/index.php\/wp-json\/wp\/v2\/tags?post=2040"}],"curies":[{"name":"wp","href":"https:\/\/api.w.org\/{rel}","templated":true}]}}