{"id":2065,"date":"2022-08-16T14:20:00","date_gmt":"2022-08-16T17:20:00","guid":{"rendered":"https:\/\/associacaomedicacascavel.com\/?p=2065"},"modified":"2022-08-16T14:20:00","modified_gmt":"2022-08-16T17:20:00","slug":"dia-dos-pais","status":"publish","type":"post","link":"https:\/\/associacaomedicacascavel.com\/index.php\/2022\/08\/16\/dia-dos-pais\/","title":{"rendered":"Dia dos Pais"},"content":{"rendered":"<body>\n<p>A lembran\u00e7a dos pais nem sempre os filhos os t\u00eam, mas\u00a0aqueles que s\u00e3o privilegiados com estas lembran\u00e7as tem muito que contar.<\/p>\n\n\n\n<p>S\u00f3 depois de adulto \u00e9 que tomei conhecimento que existe o dia dos pais.<\/p>\n\n\n\n<p>Aqui no Brasil em 16 de agosto de 1953 \u00e9 que o publicit\u00e1rio Sylvio Bhering, \u00e0 \u00e9poca diretor do Jornal O Globo, para associ\u00e1-lo ao Dia de S\u00e3o Joaquim pai de Maria, m\u00e3e de Jesus, instituiu esta data. No entanto nos anos seguintes a comemora\u00e7\u00e3o foi deslocada para o segundo domingo do m\u00eas de agosto e permanece at\u00e9 hoje.<\/p>\n\n\n\n<p>Meu pai viajante comercial ou caixeiro viajante nem sempre estava em casa aos domingos, e n\u00e3o me lembro quando foi a primeira vez que motivado pelo com\u00e9rcio comemoramos o dia dos pais, mas uma comemora\u00e7\u00e3o especial sempre foi feita em agosto, mas no dia 04, que era seu anivers\u00e1rio, quando n\u00e3o estava com ele neste dia, pois mor\u00e1vamos em cidades distantes, ele em Aracaj\u00fa e eu no Rio ou j\u00e1 em Cascavel, nos fal\u00e1vamos pelo telefone com longos papos.<\/p>\n\n\n\n<p>A presen\u00e7a do pai na forma\u00e7\u00e3o de uma crian\u00e7a \u00e9 muito importante, mas hoje devido a fam\u00edlias diferentes, ou pais ausentes, ou filhos \u00f3rf\u00e3os, muitas escolas est\u00e3o mudando as comemora\u00e7\u00f5es, instituindo dias de confraterniza\u00e7\u00f5es familiares, com membros da fam\u00edlia em festas alegres sem especificar a\u00a0figura do pai.<\/p>\n\n\n\n<p>At\u00e9 hoje tenho saudades de meu pai, todas as vezes que estava em casa contava hist\u00f3rias da sua vida, os mais citados eram o D\u00e9cio, o Bail\u00e3o, Augusto, S\u00e1, J\u00falio Teixeira Guimar\u00e3es, Domingos de Abreu, Adelino e muitos outros e sempre cresc\u00edamos emocionalmente e espiritualmente pois eram exemplos de liberdade,\u00a0igualdade e fraternidade, oriundos da escola que ele frequentava.<\/p>\n\n\n\n<p>Muitos pais partem para novas aventuras deixando as m\u00e3es com dupla fun\u00e7\u00e3o e outros d\u00e3o adeus a esta encarna\u00e7\u00e3o, deixando a fam\u00edlia desmantelada, e muitas vezes os av\u00f3s, os tios, e at\u00e9 os irm\u00e3os mais velhos t\u00eam que improvisar-se\u00a0na fun\u00e7\u00e3o de Pai. As primeiras\u00a0brincadeiras, os primeiros brinquedos, trazem sempre saudades alegres, e as surpresas que sempre apreci\u00e1vamos, quando \u00edamos a Vassouras com minha m\u00e3e em consulta m\u00e9dica, ou quando chegava no domingo \u00e0 noite do Rio de Janeiro trazendo, um chocolate (batom) ou uma queimadinha enrolada em palha de milho. Adulto e j\u00e1 com filhos ligava para meu pai pedindo ajuda, em problemas do dia a dia, at\u00e9 dinheiro emprestado, que quase\u00a0nunca pagava, mas muitos conselhos vinham de sua maturidade e dos exemplos\u00a0de vida. O primeiro terno, o primeiro rel\u00f3gio de pulso, quanta alegria, quanto orgulho que nestes momentos era rec\u00edproco, nas primeiras formaturas sempre presente, e aos amigos vangloriava-se com as conquistas do filho e talvez eu n\u00e3o soubesse o valor da Presen\u00e7a de um pai Presente. N\u00e3o sei o que \u00e9 tristeza, sinto saudades, n\u00e3o sei o que \u00e9 pessimismo ou\u00e7o sua voz me incentivando, n\u00e3o sei o que \u00e9 depress\u00e3o, sua presen\u00e7a fazia no meu organismo a produ\u00e7\u00e3o de endorfina e oxitocina, sempre me impulsionando para dias melhores.<\/p>\n\n\n\n<p>Recomendo a meu filho, agora\u00a0tamb\u00e9m pai, para mirar-se nos exemplos de Jesus para orientar-se, amar o pr\u00f3ximo, agradecer mais que pedir,\u00a0e lembrar-se que no mundo maior a vida continua permitindo o desenvolvimento espiritual.<\/p>\n\n\n\n<p><em>Jos\u00e9 de Jesus Lopes Viegas \u2013 Presidente Associa\u00e7\u00e3o M\u00e9dica de Cascavel \/ CRM-PR 5279<\/em><\/p>\n<\/body>","protected":false},"excerpt":{"rendered":"<p>A lembran\u00e7a dos pais nem sempre os filhos os t\u00eam, mas\u00a0aqueles que s\u00e3o privilegiados com estas lembran\u00e7as tem muito que contar. S\u00f3 depois de adulto \u00e9 que tomei conhecimento que existe o dia dos pais. Aqui no Brasil em 16 de agosto de 1953 \u00e9 que o publicit\u00e1rio Sylvio Bhering, \u00e0 \u00e9poca diretor do Jornal [&hellip;]<\/p>\n","protected":false},"author":4,"featured_media":1859,"comment_status":"open","ping_status":"open","sticky":false,"template":"","format":"standard","meta":{"footnotes":""},"categories":[29],"tags":[],"class_list":["post-2065","post","type-post","status-publish","format-standard","has-post-thumbnail","hentry","category-coluna"],"_links":{"self":[{"href":"https:\/\/associacaomedicacascavel.com\/index.php\/wp-json\/wp\/v2\/posts\/2065","targetHints":{"allow":["GET"]}}],"collection":[{"href":"https:\/\/associacaomedicacascavel.com\/index.php\/wp-json\/wp\/v2\/posts"}],"about":[{"href":"https:\/\/associacaomedicacascavel.com\/index.php\/wp-json\/wp\/v2\/types\/post"}],"author":[{"embeddable":true,"href":"https:\/\/associacaomedicacascavel.com\/index.php\/wp-json\/wp\/v2\/users\/4"}],"replies":[{"embeddable":true,"href":"https:\/\/associacaomedicacascavel.com\/index.php\/wp-json\/wp\/v2\/comments?post=2065"}],"version-history":[{"count":1,"href":"https:\/\/associacaomedicacascavel.com\/index.php\/wp-json\/wp\/v2\/posts\/2065\/revisions"}],"predecessor-version":[{"id":2066,"href":"https:\/\/associacaomedicacascavel.com\/index.php\/wp-json\/wp\/v2\/posts\/2065\/revisions\/2066"}],"wp:featuredmedia":[{"embeddable":true,"href":"https:\/\/associacaomedicacascavel.com\/index.php\/wp-json\/wp\/v2\/media\/1859"}],"wp:attachment":[{"href":"https:\/\/associacaomedicacascavel.com\/index.php\/wp-json\/wp\/v2\/media?parent=2065"}],"wp:term":[{"taxonomy":"category","embeddable":true,"href":"https:\/\/associacaomedicacascavel.com\/index.php\/wp-json\/wp\/v2\/categories?post=2065"},{"taxonomy":"post_tag","embeddable":true,"href":"https:\/\/associacaomedicacascavel.com\/index.php\/wp-json\/wp\/v2\/tags?post=2065"}],"curies":[{"name":"wp","href":"https:\/\/api.w.org\/{rel}","templated":true}]}}