{"id":2257,"date":"2023-03-02T10:44:27","date_gmt":"2023-03-02T13:44:27","guid":{"rendered":"https:\/\/associacaomedicacascavel.com\/?p=2257"},"modified":"2023-03-02T10:44:27","modified_gmt":"2023-03-02T13:44:27","slug":"marco-azul-campanha-de-conscientizacao-da-importancia-do-diagnostico-precoce-de-cancer-de-intestino","status":"publish","type":"post","link":"https:\/\/associacaomedicacascavel.com\/index.php\/2023\/03\/02\/marco-azul-campanha-de-conscientizacao-da-importancia-do-diagnostico-precoce-de-cancer-de-intestino\/","title":{"rendered":"<strong>Mar\u00e7o Azul: campanha de conscientiza\u00e7\u00e3o da import\u00e2ncia do diagn\u00f3stico precoce de c\u00e2ncer de intestino<\/strong>"},"content":{"rendered":"<body>\n<figure class=\"wp-block-image size-full\"><img loading=\"lazy\" decoding=\"async\" width=\"768\" height=\"403\" src=\"http:\/\/associacaomedicacascavel.com\/wp-content\/uploads\/2023\/03\/Marco-Azul-Marinho-768x403-1.jpeg\" alt=\"\" class=\"wp-image-2258\" loading=\"lazy\" srcset=\"https:\/\/associacaomedicacascavel.com\/wp-content\/uploads\/2023\/03\/Marco-Azul-Marinho-768x403-1.jpeg 768w, https:\/\/associacaomedicacascavel.com\/wp-content\/uploads\/2023\/03\/Marco-Azul-Marinho-768x403-1-300x157.jpeg 300w\" sizes=\"auto, (max-width: 768px) 100vw, 768px\" \/><\/figure>\n\n\n\n<p>O Mar\u00e7o Azul \u00e9 uma campanha de conscientiza\u00e7\u00e3o sobre a preven\u00e7\u00e3o e o diagn\u00f3stico precoce do c\u00e2ncer colorretal, uma doen\u00e7a que afeta o intestino grosso e o reto. A preven\u00e7\u00e3o \u00e9 essencial porque o c\u00e2ncer colorretal \u00e9 uma das principais causas de morte por c\u00e2ncer em todo o mundo.<\/p>\n\n\n\n<p>A preven\u00e7\u00e3o do c\u00e2ncer colorretal come\u00e7a com a ado\u00e7\u00e3o de h\u00e1bitos saud\u00e1veis, como uma dieta equilibrada, rica em fibras e pobre em gordura saturada e a\u00e7\u00facares refinados, e a pr\u00e1tica regular de atividades f\u00edsicas. Al\u00e9m disso, \u00e9 importante realizar exames de rotina, como a colonoscopia, que permitem identificar les\u00f5es pr\u00e9-cancer\u00edgenas ou c\u00e2ncer em est\u00e1gio inicial, quando as chances de cura s\u00e3o maiores.<\/p>\n\n\n\n<p>A conscientiza\u00e7\u00e3o sobre a import\u00e2ncia da preven\u00e7\u00e3o e do diagn\u00f3stico precoce do c\u00e2ncer colorretal \u00e9 fundamental para salvar vidas. Para o presidente da AMC (Associa\u00e7\u00e3o M\u00e9dica de Cascavel) , Dr. Cristiano Mroginski enfatiza tamanha import\u00e2ncia da campanha.\u00a0 \u201cO Mar\u00e7o Azul \u00e9 uma campanha importante, que busca sensibilizar a popula\u00e7\u00e3o sobre a import\u00e2ncia de adotar h\u00e1bitos saud\u00e1veis e de realizar exames preventivos regularmente.\u00a0<\/p>\n\n\n\n<p>Com a conscientiza\u00e7\u00e3o e a dissemina\u00e7\u00e3o de informa\u00e7\u00f5es sobre o c\u00e2ncer colorretal, \u00e9 poss\u00edvel reduzir a incid\u00eancia da doen\u00e7a e aumentar as chances de cura, finaliza o m\u00e9dico.<\/p>\n\n\n\n<p><strong>Como surgiu a campanha?<\/strong><\/p>\n\n\n\n<p>A campanha Mar\u00e7o Azul surgiu nos Estados Unidos, em 2000, quando um grupo de pacientes e profissionais da \u00e1rea da sa\u00fade se uniu para criar uma organiza\u00e7\u00e3o chamada \u201cThe Colon Cancer Alliance\u201d (CCA), dedicada \u00e0 preven\u00e7\u00e3o e tratamento do c\u00e2ncer colorretal. A ideia era criar um m\u00eas de conscientiza\u00e7\u00e3o sobre a doen\u00e7a, similar ao Outubro Rosa (m\u00eas de conscientiza\u00e7\u00e3o sobre o c\u00e2ncer de mama) e ao Novembro Azul (m\u00eas de conscientiza\u00e7\u00e3o sobre o c\u00e2ncer de pr\u00f3stata).<\/p>\n\n\n\n<p>Assim, em 2000, a primeira campanha Mar\u00e7o Azul foi realizada nos Estados Unidos, com o objetivo de conscientizar a popula\u00e7\u00e3o sobre a import\u00e2ncia da preven\u00e7\u00e3o e do diagn\u00f3stico precoce do c\u00e2ncer colorretal. A campanha rapidamente ganhou destaque e foi adotada em outros pa\u00edses, incluindo o Brasil, onde a campanha \u00e9 realizada desde 2017.<\/p>\n\n\n\n<p>O uso da cor azul na campanha Mar\u00e7o Azul est\u00e1 associado ao fato de que o c\u00e2ncer colorretal afeta o intestino, \u00f3rg\u00e3o que apresenta uma colora\u00e7\u00e3o azulada em imagens m\u00e9dicas. A cor azul tamb\u00e9m \u00e9 associada \u00e0 sa\u00fade e \u00e0 serenidade, transmitindo a mensagem de que \u00e9 poss\u00edvel prevenir e tratar o c\u00e2ncer colorretal com serenidade e cuidado com a sa\u00fade.<\/p>\n\n\n\n<p>A Associa\u00e7\u00e3o M\u00e9dica de Cascavel \u00e9 apoiadora da causa e reconhece a import\u00e2ncia da conscientiza\u00e7\u00e3o sobre a preven\u00e7\u00e3o e o diagn\u00f3stico precoce do c\u00e2ncer colorretal.<\/p>\n<\/body>","protected":false},"excerpt":{"rendered":"<p>Com a conscientiza\u00e7\u00e3o sobre o c\u00e2ncer colorretal, \u00e9 poss\u00edvel reduzir a incid\u00eancia da doen\u00e7a e aumentar as chances de cura.<\/p>\n","protected":false},"author":2,"featured_media":2258,"comment_status":"open","ping_status":"open","sticky":false,"template":"","format":"standard","meta":{"footnotes":""},"categories":[4],"tags":[],"class_list":["post-2257","post","type-post","status-publish","format-standard","has-post-thumbnail","hentry","category-noticias"],"_links":{"self":[{"href":"https:\/\/associacaomedicacascavel.com\/index.php\/wp-json\/wp\/v2\/posts\/2257","targetHints":{"allow":["GET"]}}],"collection":[{"href":"https:\/\/associacaomedicacascavel.com\/index.php\/wp-json\/wp\/v2\/posts"}],"about":[{"href":"https:\/\/associacaomedicacascavel.com\/index.php\/wp-json\/wp\/v2\/types\/post"}],"author":[{"embeddable":true,"href":"https:\/\/associacaomedicacascavel.com\/index.php\/wp-json\/wp\/v2\/users\/2"}],"replies":[{"embeddable":true,"href":"https:\/\/associacaomedicacascavel.com\/index.php\/wp-json\/wp\/v2\/comments?post=2257"}],"version-history":[{"count":1,"href":"https:\/\/associacaomedicacascavel.com\/index.php\/wp-json\/wp\/v2\/posts\/2257\/revisions"}],"predecessor-version":[{"id":2259,"href":"https:\/\/associacaomedicacascavel.com\/index.php\/wp-json\/wp\/v2\/posts\/2257\/revisions\/2259"}],"wp:featuredmedia":[{"embeddable":true,"href":"https:\/\/associacaomedicacascavel.com\/index.php\/wp-json\/wp\/v2\/media\/2258"}],"wp:attachment":[{"href":"https:\/\/associacaomedicacascavel.com\/index.php\/wp-json\/wp\/v2\/media?parent=2257"}],"wp:term":[{"taxonomy":"category","embeddable":true,"href":"https:\/\/associacaomedicacascavel.com\/index.php\/wp-json\/wp\/v2\/categories?post=2257"},{"taxonomy":"post_tag","embeddable":true,"href":"https:\/\/associacaomedicacascavel.com\/index.php\/wp-json\/wp\/v2\/tags?post=2257"}],"curies":[{"name":"wp","href":"https:\/\/api.w.org\/{rel}","templated":true}]}}