{"id":2292,"date":"2023-03-15T14:21:51","date_gmt":"2023-03-15T17:21:51","guid":{"rendered":"https:\/\/associacaomedicacascavel.com\/?p=2292"},"modified":"2023-03-15T14:21:51","modified_gmt":"2023-03-15T17:21:51","slug":"um-tributo-ao-trabalho-de-um-medico-exemplar","status":"publish","type":"post","link":"https:\/\/associacaomedicacascavel.com\/index.php\/2023\/03\/15\/um-tributo-ao-trabalho-de-um-medico-exemplar\/","title":{"rendered":"Um Tributo ao Trabalho de um M\u00e9dico Exemplar"},"content":{"rendered":"<body>\n<p>Um m\u00e9dico e escritor com uma longa e respeitada carreira dedicada \u00e0 sa\u00fade dos moradores das duas maiores cidades do Oeste do Paran\u00e1 ser\u00e1 homenageado nesta semana. A sess\u00e3o solene de outorga do t\u00edtulo de Cidad\u00e3o Honor\u00e1rio da cidade das Cataratas ser\u00e1 realizada nesta sexta-feira (17), \u00e0s 18h30, na C\u00e2mara Municipal de Foz do Igua\u00e7u, em reconhecimento ao trabalho do Dr. Jos\u00e9 Elias Aiex Neto.<\/p>\n\n\n\n<p>Nascido em Sertan\u00f3polis, Paran\u00e1, em 11\/04\/1952, Aiex se formou em Medicina pela Universidade Federal do Paran\u00e1, em Curitiba, e posteriormente se especializou em Psiquiatria, profiss\u00e3o que o levou a trabalhar inicialmente em Cascavel, onde atuou por v\u00e1rios anos no antigo Hospital S\u00e3o Marcos e chegou a presidir a Associa\u00e7\u00e3o M\u00e9dica local. <\/p>\n\n\n\n<p>Al\u00e9m disso, foi presidente da Associa\u00e7\u00e3o M\u00e9dica do Paran\u00e1 e da Sociedade Paranaense de Psiquiatria, secret\u00e1rio municipal de Sa\u00fade e sobre Drogas, e candidato a prefeito de Foz do Igua\u00e7u, cidade para a qual se mudou em 1991.<\/p>\n\n\n\n<p>Aiex tamb\u00e9m \u00e9 conhecido por sua escrita, principalmente em temas relacionados \u00e0 sa\u00fade. Ele fundou e presidiu a Academia de Cultura de Foz do Igua\u00e7u, e \u00e9 um autor renomado na \u00e1rea m\u00e9dica.<\/p>\n\n\n\n<p>A Associa\u00e7\u00e3o M\u00e9dica de Cascavel parabeniza Dr. Jos\u00e9 Elias Aiex Neto pela homenagem.<\/p>\n<\/body>","protected":false},"excerpt":{"rendered":"<p>Um m\u00e9dico e escritor com uma longa e respeitada carreira dedicada \u00e0 sa\u00fade dos moradores das duas maiores cidades do Oeste do Paran\u00e1 ser\u00e1 homenageado nesta semana. A sess\u00e3o solene de outorga do t\u00edtulo de Cidad\u00e3o Honor\u00e1rio da cidade das Cataratas ser\u00e1 realizada nesta sexta-feira (17), \u00e0s 18h30, na C\u00e2mara Municipal de Foz do Igua\u00e7u, [&hellip;]<\/p>\n","protected":false},"author":4,"featured_media":2293,"comment_status":"open","ping_status":"open","sticky":false,"template":"","format":"standard","meta":{"footnotes":""},"categories":[4],"tags":[],"class_list":["post-2292","post","type-post","status-publish","format-standard","has-post-thumbnail","hentry","category-noticias"],"_links":{"self":[{"href":"https:\/\/associacaomedicacascavel.com\/index.php\/wp-json\/wp\/v2\/posts\/2292","targetHints":{"allow":["GET"]}}],"collection":[{"href":"https:\/\/associacaomedicacascavel.com\/index.php\/wp-json\/wp\/v2\/posts"}],"about":[{"href":"https:\/\/associacaomedicacascavel.com\/index.php\/wp-json\/wp\/v2\/types\/post"}],"author":[{"embeddable":true,"href":"https:\/\/associacaomedicacascavel.com\/index.php\/wp-json\/wp\/v2\/users\/4"}],"replies":[{"embeddable":true,"href":"https:\/\/associacaomedicacascavel.com\/index.php\/wp-json\/wp\/v2\/comments?post=2292"}],"version-history":[{"count":1,"href":"https:\/\/associacaomedicacascavel.com\/index.php\/wp-json\/wp\/v2\/posts\/2292\/revisions"}],"predecessor-version":[{"id":2294,"href":"https:\/\/associacaomedicacascavel.com\/index.php\/wp-json\/wp\/v2\/posts\/2292\/revisions\/2294"}],"wp:featuredmedia":[{"embeddable":true,"href":"https:\/\/associacaomedicacascavel.com\/index.php\/wp-json\/wp\/v2\/media\/2293"}],"wp:attachment":[{"href":"https:\/\/associacaomedicacascavel.com\/index.php\/wp-json\/wp\/v2\/media?parent=2292"}],"wp:term":[{"taxonomy":"category","embeddable":true,"href":"https:\/\/associacaomedicacascavel.com\/index.php\/wp-json\/wp\/v2\/categories?post=2292"},{"taxonomy":"post_tag","embeddable":true,"href":"https:\/\/associacaomedicacascavel.com\/index.php\/wp-json\/wp\/v2\/tags?post=2292"}],"curies":[{"name":"wp","href":"https:\/\/api.w.org\/{rel}","templated":true}]}}