{"id":2312,"date":"2023-03-16T18:49:30","date_gmt":"2023-03-16T21:49:30","guid":{"rendered":"https:\/\/associacaomedicacascavel.com\/?p=2312"},"modified":"2023-03-16T18:54:46","modified_gmt":"2023-03-16T21:54:46","slug":"apresentacao-da-revista-cientifica-na-amc","status":"publish","type":"post","link":"https:\/\/associacaomedicacascavel.com\/index.php\/2023\/03\/16\/apresentacao-da-revista-cientifica-na-amc\/","title":{"rendered":"Apresenta\u00e7\u00e3o da Revista Cient\u00edfica na AMC"},"content":{"rendered":"<body>\n<p>Hoje (15) houve a apresenta\u00e7\u00e3o da Revista Cient\u00edfica BioScience na Associa\u00e7\u00e3o M\u00e9dica de Cascavel. O presidente da entidade, Dr. Cristiano Mrogisnki recepcionou na entidade importantes autoridades m\u00e9dicas, entre elas o presidente da Associa\u00e7\u00e3o M\u00e9dica Paranaense, o m\u00e9dico Dr. Nerlan Carvalho e tamb\u00e9m o Dr. Osvaldo Malafaia, bem como de Cascavel, o Dr. Fabiano Sandrini coordenador do curso de medicina da Unioeste, Dr. Rui Almeida, coordenador do curso de Medicina do Centro Universit\u00e1rio FAG e tamb\u00e9m o m\u00e9dico Dr. Sidcley Berto, coordenador da resid\u00eancia m\u00e9dica do Hospital Universit\u00e1rio.<\/p>\n\n\n\n<p>\u00a0<\/p>\n\n\n\n<figure class=\"wp-block-image size-large\"><img loading=\"lazy\" decoding=\"async\" width=\"1024\" height=\"674\" src=\"https:\/\/associacaomedicacascavel.com\/wp-content\/uploads\/2023\/03\/DSC_6057-1024x674.jpg\" alt=\"\" class=\"wp-image-2316\" loading=\"lazy\" srcset=\"https:\/\/associacaomedicacascavel.com\/wp-content\/uploads\/2023\/03\/DSC_6057-1024x674.jpg 1024w, https:\/\/associacaomedicacascavel.com\/wp-content\/uploads\/2023\/03\/DSC_6057-300x197.jpg 300w, https:\/\/associacaomedicacascavel.com\/wp-content\/uploads\/2023\/03\/DSC_6057-768x506.jpg 768w, https:\/\/associacaomedicacascavel.com\/wp-content\/uploads\/2023\/03\/DSC_6057-1536x1011.jpg 1536w, https:\/\/associacaomedicacascavel.com\/wp-content\/uploads\/2023\/03\/DSC_6057-2048x1348.jpg 2048w\" sizes=\"auto, (max-width: 1024px) 100vw, 1024px\" \/><\/figure>\n\n\n\n<p>No encontro, Dr. Osvaldo explicou a import\u00e2ncia das publica\u00e7\u00f5es acad\u00eamicas em revistas cient\u00edficas e tamb\u00e9m enfatizou que o peri\u00f3dico possui condi\u00e7\u00f5es de internacionaliza\u00e7\u00e3o.<\/p>\n\n\n\n<p>A AMC fica extremamente lisonjeada em poder estar junto nesse projeto de publica\u00e7\u00f5es em peri\u00f3dicos cient\u00edficos. <\/p>\n\n\n\n<figure class=\"wp-block-embed is-type-video is-provider-youtube wp-block-embed-youtube wp-embed-aspect-16-9 wp-has-aspect-ratio\"><div class=\"wp-block-embed__wrapper\">\n<iframe title=\"REVISTA CIENT\u00cdFICA AMP\" width=\"640\" height=\"360\" src=\"https:\/\/www.youtube.com\/embed\/taDcy5Dk8RU?feature=oembed\" frameborder=\"0\" allow=\"accelerometer; autoplay; clipboard-write; encrypted-media; gyroscope; picture-in-picture; web-share\" referrerpolicy=\"strict-origin-when-cross-origin\" allowfullscreen><\/iframe>\n<\/div><\/figure>\n<\/body>","protected":false},"excerpt":{"rendered":"<p>Hoje (15) houve a apresenta\u00e7\u00e3o da Revista Cient\u00edfica BioScience na Associa\u00e7\u00e3o M\u00e9dica de Cascavel. O presidente da entidade, Dr. Cristiano Mrogisnki recepcionou na entidade importantes autoridades m\u00e9dicas, entre elas o presidente da Associa\u00e7\u00e3o M\u00e9dica Paranaense, o m\u00e9dico Dr. Nerlan Carvalho e tamb\u00e9m o Dr. Osvaldo Malafaia, bem como de Cascavel, o Dr. Fabiano Sandrini coordenador [&hellip;]<\/p>\n","protected":false},"author":4,"featured_media":2318,"comment_status":"open","ping_status":"open","sticky":false,"template":"","format":"standard","meta":{"footnotes":""},"categories":[4],"tags":[],"class_list":["post-2312","post","type-post","status-publish","format-standard","has-post-thumbnail","hentry","category-noticias"],"_links":{"self":[{"href":"https:\/\/associacaomedicacascavel.com\/index.php\/wp-json\/wp\/v2\/posts\/2312","targetHints":{"allow":["GET"]}}],"collection":[{"href":"https:\/\/associacaomedicacascavel.com\/index.php\/wp-json\/wp\/v2\/posts"}],"about":[{"href":"https:\/\/associacaomedicacascavel.com\/index.php\/wp-json\/wp\/v2\/types\/post"}],"author":[{"embeddable":true,"href":"https:\/\/associacaomedicacascavel.com\/index.php\/wp-json\/wp\/v2\/users\/4"}],"replies":[{"embeddable":true,"href":"https:\/\/associacaomedicacascavel.com\/index.php\/wp-json\/wp\/v2\/comments?post=2312"}],"version-history":[{"count":4,"href":"https:\/\/associacaomedicacascavel.com\/index.php\/wp-json\/wp\/v2\/posts\/2312\/revisions"}],"predecessor-version":[{"id":2320,"href":"https:\/\/associacaomedicacascavel.com\/index.php\/wp-json\/wp\/v2\/posts\/2312\/revisions\/2320"}],"wp:featuredmedia":[{"embeddable":true,"href":"https:\/\/associacaomedicacascavel.com\/index.php\/wp-json\/wp\/v2\/media\/2318"}],"wp:attachment":[{"href":"https:\/\/associacaomedicacascavel.com\/index.php\/wp-json\/wp\/v2\/media?parent=2312"}],"wp:term":[{"taxonomy":"category","embeddable":true,"href":"https:\/\/associacaomedicacascavel.com\/index.php\/wp-json\/wp\/v2\/categories?post=2312"},{"taxonomy":"post_tag","embeddable":true,"href":"https:\/\/associacaomedicacascavel.com\/index.php\/wp-json\/wp\/v2\/tags?post=2312"}],"curies":[{"name":"wp","href":"https:\/\/api.w.org\/{rel}","templated":true}]}}