{"id":2359,"date":"2023-04-12T08:37:02","date_gmt":"2023-04-12T11:37:02","guid":{"rendered":"https:\/\/associacaomedicacascavel.com\/?p=2359"},"modified":"2023-04-12T08:37:02","modified_gmt":"2023-04-12T11:37:02","slug":"autismo-a-importancia-do-mes-de-conscientizacao-e-inclusao","status":"publish","type":"post","link":"https:\/\/associacaomedicacascavel.com\/index.php\/2023\/04\/12\/autismo-a-importancia-do-mes-de-conscientizacao-e-inclusao\/","title":{"rendered":"Autismo: a import\u00e2ncia do m\u00eas de conscientiza\u00e7\u00e3o e inclus\u00e3o"},"content":{"rendered":"<body>\n<p>Abril \u00e9 o m\u00eas de conscientiza\u00e7\u00e3o sobre o autismo, uma condi\u00e7\u00e3o que afeta o desenvolvimento do c\u00e9rebro e pode levar a desafios na comunica\u00e7\u00e3o social, intera\u00e7\u00e3o e comportamento. O objetivo deste m\u00eas \u00e9 aumentar a conscientiza\u00e7\u00e3o e compreens\u00e3o sobre o autismo e promover a inclus\u00e3o das pessoas que vivem com essa condi\u00e7\u00e3o.<\/p>\n\n\n\n<p>Embora o autismo possa afetar qualquer pessoa, independentemente da ra\u00e7a, etnia ou classe social, os meninos s\u00e3o mais propensos a serem diagnosticados do que as meninas.<\/p>\n\n\n\n<p>Uma das raz\u00f5es pelas quais o m\u00eas de conscientiza\u00e7\u00e3o \u00e9 t\u00e3o importante \u00e9 que muitas pessoas ainda n\u00e3o entendem completamente o que \u00e9 o autismo e como ele afeta as pessoas que vivem com ele. Algumas pessoas acreditam que o autismo \u00e9 uma doen\u00e7a que precisa ser curada, mas isso simplesmente n\u00e3o \u00e9 verdade. O autismo \u00e9 uma parte da diversidade humana, assim como a cor dos olhos, cabelos ou altura.<\/p>\n\n\n\n<p>Embora as pessoas que vivem com autismo possam enfrentar desafios \u00fanicos, elas tamb\u00e9m t\u00eam muitos talentos e habilidades. Muitas delas t\u00eam um forte interesse em assuntos espec\u00edficos, como matem\u00e1tica, m\u00fasica ou literatura. Outras podem ser excelentes em memoriza\u00e7\u00e3o ou t\u00eam habilidades motoras finas impressionantes.<\/p>\n\n\n\n<p><strong>Associa\u00e7\u00e3o M\u00e9dica de Cascavel apoia a causa<\/strong><\/p>\n\n\n\n<p>A Associa\u00e7\u00e3o M\u00e9dica de Cascavel (AMC) \u00e9 uma entidade que tem como objetivo promover a educa\u00e7\u00e3o m\u00e9dica continuada e apoiar iniciativas de sa\u00fade que beneficiam a comunidade local. A AMC reconhece a import\u00e2ncia do m\u00eas de conscientiza\u00e7\u00e3o sobre o autismo e apoia a causa da inclus\u00e3o das pessoas\u00a0 em todos os aspectos da vida.<\/p>\n\n\n\n<p>\u00a0Al\u00e9m de incentivar os profissionais de sa\u00fade a se capacitarem para atender pessoas com autismo, a fim de garantir um atendimento mais qualificado e humanizado. Al\u00e9m disso, a entidade refor\u00e7a a import\u00e2ncia de campanhas de conscientiza\u00e7\u00e3o e da valoriza\u00e7\u00e3o das diferen\u00e7as, para que se possa construir uma sociedade mais justa e acolhedora para todos.\u00a0<\/p>\n<\/body>","protected":false},"excerpt":{"rendered":"<p>Abril \u00e9 o m\u00eas de conscientiza\u00e7\u00e3o sobre o autismo, uma condi\u00e7\u00e3o que afeta o desenvolvimento do c\u00e9rebro e pode levar a desafios na comunica\u00e7\u00e3o social, intera\u00e7\u00e3o e comportamento. O objetivo deste m\u00eas \u00e9 aumentar a conscientiza\u00e7\u00e3o e compreens\u00e3o sobre o autismo e promover a inclus\u00e3o das pessoas que vivem com essa condi\u00e7\u00e3o. Embora o autismo [&hellip;]<\/p>\n","protected":false},"author":2,"featured_media":2360,"comment_status":"open","ping_status":"open","sticky":false,"template":"","format":"standard","meta":{"footnotes":""},"categories":[29],"tags":[9,20,31],"class_list":["post-2359","post","type-post","status-publish","format-standard","has-post-thumbnail","hentry","category-coluna","tag-amc","tag-coluna","tag-coluna-amc"],"_links":{"self":[{"href":"https:\/\/associacaomedicacascavel.com\/index.php\/wp-json\/wp\/v2\/posts\/2359","targetHints":{"allow":["GET"]}}],"collection":[{"href":"https:\/\/associacaomedicacascavel.com\/index.php\/wp-json\/wp\/v2\/posts"}],"about":[{"href":"https:\/\/associacaomedicacascavel.com\/index.php\/wp-json\/wp\/v2\/types\/post"}],"author":[{"embeddable":true,"href":"https:\/\/associacaomedicacascavel.com\/index.php\/wp-json\/wp\/v2\/users\/2"}],"replies":[{"embeddable":true,"href":"https:\/\/associacaomedicacascavel.com\/index.php\/wp-json\/wp\/v2\/comments?post=2359"}],"version-history":[{"count":1,"href":"https:\/\/associacaomedicacascavel.com\/index.php\/wp-json\/wp\/v2\/posts\/2359\/revisions"}],"predecessor-version":[{"id":2361,"href":"https:\/\/associacaomedicacascavel.com\/index.php\/wp-json\/wp\/v2\/posts\/2359\/revisions\/2361"}],"wp:featuredmedia":[{"embeddable":true,"href":"https:\/\/associacaomedicacascavel.com\/index.php\/wp-json\/wp\/v2\/media\/2360"}],"wp:attachment":[{"href":"https:\/\/associacaomedicacascavel.com\/index.php\/wp-json\/wp\/v2\/media?parent=2359"}],"wp:term":[{"taxonomy":"category","embeddable":true,"href":"https:\/\/associacaomedicacascavel.com\/index.php\/wp-json\/wp\/v2\/categories?post=2359"},{"taxonomy":"post_tag","embeddable":true,"href":"https:\/\/associacaomedicacascavel.com\/index.php\/wp-json\/wp\/v2\/tags?post=2359"}],"curies":[{"name":"wp","href":"https:\/\/api.w.org\/{rel}","templated":true}]}}