{"id":2403,"date":"2023-05-12T15:38:59","date_gmt":"2023-05-12T18:38:59","guid":{"rendered":"https:\/\/associacaomedicacascavel.com\/?p=2403"},"modified":"2023-05-12T15:38:59","modified_gmt":"2023-05-12T18:38:59","slug":"assembleia-de-prestacao-de-contas-da-amc","status":"publish","type":"post","link":"https:\/\/associacaomedicacascavel.com\/index.php\/2023\/05\/12\/assembleia-de-prestacao-de-contas-da-amc\/","title":{"rendered":"Assembleia de presta\u00e7\u00e3o de contas da AMC"},"content":{"rendered":"<body>\n<p>Ontem \u00e0 noite, a AMC realizou sua Assembleia Geral de Presta\u00e7\u00e3o de Contas do exerc\u00edcio do ano de 2022. Durante a reuni\u00e3o, os diretores da entidade compartilharam informa\u00e7\u00f5es importantes sobre o desempenho financeiro da AMC no \u00faltimo ano e discutiram os planos para 2023.<\/p>\n\n\n\n<p>A AMC valoriza a transpar\u00eancia e a abertura em rela\u00e7\u00e3o \u00e0 sua gest\u00e3o financeira e est\u00e1 comprometida em fornecer atualiza\u00e7\u00f5es regulares e precisas.<\/p>\n\n\n\n<p>A AMC continua empenhada em fornecer o melhor ao associado e p\u00fablico geral, para fazer da entidade uma segunda casa.<\/p>\n\n\n\n<figure class=\"wp-block-image size-large\"><img loading=\"lazy\" decoding=\"async\" width=\"1024\" height=\"768\" src=\"https:\/\/associacaomedicacascavel.com\/wp-content\/uploads\/2023\/05\/IMG_6727-1024x768.jpg\" alt=\"\" class=\"wp-image-2404\" loading=\"lazy\" srcset=\"https:\/\/associacaomedicacascavel.com\/wp-content\/uploads\/2023\/05\/IMG_6727-1024x768.jpg 1024w, https:\/\/associacaomedicacascavel.com\/wp-content\/uploads\/2023\/05\/IMG_6727-300x225.jpg 300w, https:\/\/associacaomedicacascavel.com\/wp-content\/uploads\/2023\/05\/IMG_6727-768x576.jpg 768w, https:\/\/associacaomedicacascavel.com\/wp-content\/uploads\/2023\/05\/IMG_6727-1536x1152.jpg 1536w, https:\/\/associacaomedicacascavel.com\/wp-content\/uploads\/2023\/05\/IMG_6727-2048x1536.jpg 2048w\" sizes=\"auto, (max-width: 1024px) 100vw, 1024px\" \/><\/figure>\n<\/body>","protected":false},"excerpt":{"rendered":"<p>Ontem \u00e0 noite, a AMC realizou sua Assembleia Geral de Presta\u00e7\u00e3o de Contas do exerc\u00edcio do ano de 2022. Durante a reuni\u00e3o, os diretores da entidade compartilharam informa\u00e7\u00f5es importantes sobre o desempenho financeiro da AMC no \u00faltimo ano e discutiram os planos para 2023. A AMC valoriza a transpar\u00eancia e a abertura em rela\u00e7\u00e3o \u00e0 [&hellip;]<\/p>\n","protected":false},"author":2,"featured_media":2405,"comment_status":"open","ping_status":"open","sticky":false,"template":"","format":"standard","meta":{"footnotes":""},"categories":[4],"tags":[],"class_list":["post-2403","post","type-post","status-publish","format-standard","has-post-thumbnail","hentry","category-noticias"],"_links":{"self":[{"href":"https:\/\/associacaomedicacascavel.com\/index.php\/wp-json\/wp\/v2\/posts\/2403","targetHints":{"allow":["GET"]}}],"collection":[{"href":"https:\/\/associacaomedicacascavel.com\/index.php\/wp-json\/wp\/v2\/posts"}],"about":[{"href":"https:\/\/associacaomedicacascavel.com\/index.php\/wp-json\/wp\/v2\/types\/post"}],"author":[{"embeddable":true,"href":"https:\/\/associacaomedicacascavel.com\/index.php\/wp-json\/wp\/v2\/users\/2"}],"replies":[{"embeddable":true,"href":"https:\/\/associacaomedicacascavel.com\/index.php\/wp-json\/wp\/v2\/comments?post=2403"}],"version-history":[{"count":1,"href":"https:\/\/associacaomedicacascavel.com\/index.php\/wp-json\/wp\/v2\/posts\/2403\/revisions"}],"predecessor-version":[{"id":2406,"href":"https:\/\/associacaomedicacascavel.com\/index.php\/wp-json\/wp\/v2\/posts\/2403\/revisions\/2406"}],"wp:featuredmedia":[{"embeddable":true,"href":"https:\/\/associacaomedicacascavel.com\/index.php\/wp-json\/wp\/v2\/media\/2405"}],"wp:attachment":[{"href":"https:\/\/associacaomedicacascavel.com\/index.php\/wp-json\/wp\/v2\/media?parent=2403"}],"wp:term":[{"taxonomy":"category","embeddable":true,"href":"https:\/\/associacaomedicacascavel.com\/index.php\/wp-json\/wp\/v2\/categories?post=2403"},{"taxonomy":"post_tag","embeddable":true,"href":"https:\/\/associacaomedicacascavel.com\/index.php\/wp-json\/wp\/v2\/tags?post=2403"}],"curies":[{"name":"wp","href":"https:\/\/api.w.org\/{rel}","templated":true}]}}