{"id":2408,"date":"2023-05-21T13:03:49","date_gmt":"2023-05-21T16:03:49","guid":{"rendered":"https:\/\/associacaomedicacascavel.com\/?p=2408"},"modified":"2023-05-21T13:03:49","modified_gmt":"2023-05-21T16:03:49","slug":"morre-o-empresario-e-bioquimico-alvaro-largura","status":"publish","type":"post","link":"https:\/\/associacaomedicacascavel.com\/index.php\/2023\/05\/21\/morre-o-empresario-e-bioquimico-alvaro-largura\/","title":{"rendered":"Morre o empres\u00e1rio e bioqu\u00edmico \u00c1lvaro Largura"},"content":{"rendered":"<body>\n<p>\u00c9 com profunda tristeza que familiares e amigos comunicam o falecimento do empres\u00e1rio cascavelense, Dr. \u00c1lvaro Largura. Reconhecido como fundador dos renomados laborat\u00f3rios de an\u00e1lise \u00c1lvaro e Biovel, al\u00e9m de ter exercido a presid\u00eancia da ACIC (Associa\u00e7\u00e3o Comercial e Industrial de Cascavel) de 1999 a 2001, o Dr. \u00c1lvaro conquistou o carinho e o respeito de in\u00fameros cascavelenses.<\/p>\n\n\n\n<p>Nesse momento de pesar, os familiares e amigos de \u00c1lvaro Largura compartilham a dor dessa perda e se unem para honrar sua mem\u00f3ria, reconhecendo sua import\u00e2ncia e legado para a comunidade cascavelense. Que sua trajet\u00f3ria de realiza\u00e7\u00f5es e sua dedica\u00e7\u00e3o ao desenvolvimento econ\u00f4mico e social de Cascavel sejam sempre lembradas e inspiradoras para as gera\u00e7\u00f5es futuras.<\/p>\n\n\n\n<p><em>O vel\u00f3rio ser\u00e1 na Acic das 14h \u00e0s 20h. Depois, corpo seguir\u00e1 para o cremat\u00f3rio em Francisco Beltr\u00e3o.<\/em><\/p>\n\n\n\n<p><\/p>\n\n\n\n<figure class=\"wp-block-image size-large is-resized\"><img loading=\"lazy\" decoding=\"async\" src=\"http:\/\/associacaomedicacascavel.com\/wp-content\/uploads\/2023\/05\/Nota-de-Pesar-Post-Feed-Para-Instagram-Preto-Cinza-e-Branco-1024x1024.png\" alt=\"\" class=\"wp-image-2410\" width=\"556\" height=\"556\" loading=\"lazy\" srcset=\"https:\/\/associacaomedicacascavel.com\/wp-content\/uploads\/2023\/05\/Nota-de-Pesar-Post-Feed-Para-Instagram-Preto-Cinza-e-Branco-1024x1024.png 1024w, https:\/\/associacaomedicacascavel.com\/wp-content\/uploads\/2023\/05\/Nota-de-Pesar-Post-Feed-Para-Instagram-Preto-Cinza-e-Branco-300x300.png 300w, https:\/\/associacaomedicacascavel.com\/wp-content\/uploads\/2023\/05\/Nota-de-Pesar-Post-Feed-Para-Instagram-Preto-Cinza-e-Branco-150x150.png 150w, https:\/\/associacaomedicacascavel.com\/wp-content\/uploads\/2023\/05\/Nota-de-Pesar-Post-Feed-Para-Instagram-Preto-Cinza-e-Branco-768x768.png 768w, https:\/\/associacaomedicacascavel.com\/wp-content\/uploads\/2023\/05\/Nota-de-Pesar-Post-Feed-Para-Instagram-Preto-Cinza-e-Branco.png 1080w\" sizes=\"auto, (max-width: 556px) 100vw, 556px\" \/><\/figure>\n<\/body>","protected":false},"excerpt":{"rendered":"<p>\u00c9 com profunda tristeza que familiares e amigos comunicam o falecimento do empres\u00e1rio cascavelense, Dr. \u00c1lvaro Largura. Reconhecido como fundador dos renomados laborat\u00f3rios de an\u00e1lise \u00c1lvaro e Biovel, al\u00e9m de ter exercido a presid\u00eancia da ACIC (Associa\u00e7\u00e3o Comercial e Industrial de Cascavel) de 1999 a 2001, o Dr. \u00c1lvaro conquistou o carinho e o respeito [&hellip;]<\/p>\n","protected":false},"author":2,"featured_media":2409,"comment_status":"open","ping_status":"open","sticky":false,"template":"","format":"standard","meta":{"footnotes":""},"categories":[4],"tags":[],"class_list":["post-2408","post","type-post","status-publish","format-standard","has-post-thumbnail","hentry","category-noticias"],"_links":{"self":[{"href":"https:\/\/associacaomedicacascavel.com\/index.php\/wp-json\/wp\/v2\/posts\/2408","targetHints":{"allow":["GET"]}}],"collection":[{"href":"https:\/\/associacaomedicacascavel.com\/index.php\/wp-json\/wp\/v2\/posts"}],"about":[{"href":"https:\/\/associacaomedicacascavel.com\/index.php\/wp-json\/wp\/v2\/types\/post"}],"author":[{"embeddable":true,"href":"https:\/\/associacaomedicacascavel.com\/index.php\/wp-json\/wp\/v2\/users\/2"}],"replies":[{"embeddable":true,"href":"https:\/\/associacaomedicacascavel.com\/index.php\/wp-json\/wp\/v2\/comments?post=2408"}],"version-history":[{"count":1,"href":"https:\/\/associacaomedicacascavel.com\/index.php\/wp-json\/wp\/v2\/posts\/2408\/revisions"}],"predecessor-version":[{"id":2411,"href":"https:\/\/associacaomedicacascavel.com\/index.php\/wp-json\/wp\/v2\/posts\/2408\/revisions\/2411"}],"wp:featuredmedia":[{"embeddable":true,"href":"https:\/\/associacaomedicacascavel.com\/index.php\/wp-json\/wp\/v2\/media\/2409"}],"wp:attachment":[{"href":"https:\/\/associacaomedicacascavel.com\/index.php\/wp-json\/wp\/v2\/media?parent=2408"}],"wp:term":[{"taxonomy":"category","embeddable":true,"href":"https:\/\/associacaomedicacascavel.com\/index.php\/wp-json\/wp\/v2\/categories?post=2408"},{"taxonomy":"post_tag","embeddable":true,"href":"https:\/\/associacaomedicacascavel.com\/index.php\/wp-json\/wp\/v2\/tags?post=2408"}],"curies":[{"name":"wp","href":"https:\/\/api.w.org\/{rel}","templated":true}]}}