{"id":2412,"date":"2023-05-23T14:58:30","date_gmt":"2023-05-23T17:58:30","guid":{"rendered":"https:\/\/associacaomedicacascavel.com\/?p=2412"},"modified":"2023-05-23T14:58:30","modified_gmt":"2023-05-23T17:58:30","slug":"encontro-no-crm-cascavel-fortalecendo-a-saude-em-nossa-cidade","status":"publish","type":"post","link":"https:\/\/associacaomedicacascavel.com\/index.php\/2023\/05\/23\/encontro-no-crm-cascavel-fortalecendo-a-saude-em-nossa-cidade\/","title":{"rendered":"Encontro no CRM Cascavel: fortalecendo a sa\u00fade em nossa cidade"},"content":{"rendered":"<body>\n<p>Na manh\u00e3 deste s\u00e1bado (20), nossa cidade recebeu uma visita especial que promete fortalecer ainda mais a \u00e1rea da sa\u00fade em nossa regi\u00e3o. O presidente do Conselho Regional de Medicina do Paran\u00e1 (CRM-PR), Dr. Roberto Issamu Yosida, acompanhado pelo conselheiro e gestor do departamento de fiscaliza\u00e7\u00e3o, Dr. Carlos R. Naufel Jr., esteve presente em um encontro marcante no cen\u00e1rio m\u00e9dico local.<\/p>\n\n\n\n<p>O evento contou com a presen\u00e7a de renomados profissionais da sa\u00fade, incluindo o Presidente da Associa\u00e7\u00e3o M\u00e9dica de Cascavel (AMC), Dr. Cristiano Mroginski, o Diretor Regional do CRM Dr. F\u00e1bio Scarpa, e o Secret\u00e1rio Municipal de Sa\u00fade, Dr. Miroslau Bailak. Juntos, eles discutiram estrat\u00e9gias para aprimorar a assist\u00eancia m\u00e9dica e garantir o bem-estar da popula\u00e7\u00e3o.<\/p>\n\n\n\n<p>O encontro foi uma oportunidade \u00fanica para trocar experi\u00eancias, debater desafios e encontrar solu\u00e7\u00f5es inovadoras para os problemas enfrentados na \u00e1rea da sa\u00fade em nossa cidade. Os participantes abordaram temas como a import\u00e2ncia da valoriza\u00e7\u00e3o dos profissionais de sa\u00fade, a otimiza\u00e7\u00e3o dos recursos dispon\u00edveis e a busca cont\u00ednua pela qualidade dos servi\u00e7os prestados \u00e0 comunidade.<\/p>\n\n\n\n<p>Durante a reuni\u00e3o, o presidente do CRM-PR, Dr. Roberto Issamu Yosida, destacou a relev\u00e2ncia da uni\u00e3o entre as institui\u00e7\u00f5es m\u00e9dicas e a import\u00e2ncia do trabalho conjunto para o fortalecimento da classe. Ele ressaltou o compromisso do Conselho em apoiar e auxiliar os m\u00e9dicos em suas atividades, bem como em garantir a \u00e9tica e a qualidade no exerc\u00edcio da profiss\u00e3o.<\/p>\n\n\n\n<p>O Presidente da AMC, Dr. Cristiano Mroginski, destacou a import\u00e2ncia da parceria entre a associa\u00e7\u00e3o e o Conselho Regional de Medicina, destacando o compromisso de ambas as institui\u00e7\u00f5es com a sa\u00fade da popula\u00e7\u00e3o. Ele refor\u00e7ou a relev\u00e2ncia do evento como uma oportunidade para fortalecer la\u00e7os e trabalhar em conjunto em prol da melhoria cont\u00ednua dos servi\u00e7os m\u00e9dicos em nossa cidade.<\/p>\n\n\n\n<p>O encontro no CRM foi uma oportunidade \u00fanica para unir for\u00e7as, compartilhar conhecimentos e buscar solu\u00e7\u00f5es conjuntas para os desafios enfrentados na \u00e1rea da sa\u00fade em nossa cidade. A presen\u00e7a dos l\u00edderes m\u00e9dicos e das institui\u00e7\u00f5es representadas refor\u00e7a o compromisso com a qualidade e o avan\u00e7o cont\u00ednuo dos servi\u00e7os prestados \u00e0 comunidade.<\/p>\n<\/body>","protected":false},"excerpt":{"rendered":"<p>Na manh\u00e3 deste s\u00e1bado (20), nossa cidade recebeu uma visita especial que promete fortalecer ainda mais a \u00e1rea da sa\u00fade em nossa regi\u00e3o. O presidente do Conselho Regional de Medicina do Paran\u00e1 (CRM-PR), Dr. Roberto Issamu Yosida, acompanhado pelo conselheiro e gestor do departamento de fiscaliza\u00e7\u00e3o, Dr. Carlos R. Naufel Jr., esteve presente em um [&hellip;]<\/p>\n","protected":false},"author":2,"featured_media":2413,"comment_status":"open","ping_status":"open","sticky":false,"template":"","format":"standard","meta":{"footnotes":""},"categories":[29],"tags":[],"class_list":["post-2412","post","type-post","status-publish","format-standard","has-post-thumbnail","hentry","category-coluna"],"_links":{"self":[{"href":"https:\/\/associacaomedicacascavel.com\/index.php\/wp-json\/wp\/v2\/posts\/2412","targetHints":{"allow":["GET"]}}],"collection":[{"href":"https:\/\/associacaomedicacascavel.com\/index.php\/wp-json\/wp\/v2\/posts"}],"about":[{"href":"https:\/\/associacaomedicacascavel.com\/index.php\/wp-json\/wp\/v2\/types\/post"}],"author":[{"embeddable":true,"href":"https:\/\/associacaomedicacascavel.com\/index.php\/wp-json\/wp\/v2\/users\/2"}],"replies":[{"embeddable":true,"href":"https:\/\/associacaomedicacascavel.com\/index.php\/wp-json\/wp\/v2\/comments?post=2412"}],"version-history":[{"count":1,"href":"https:\/\/associacaomedicacascavel.com\/index.php\/wp-json\/wp\/v2\/posts\/2412\/revisions"}],"predecessor-version":[{"id":2414,"href":"https:\/\/associacaomedicacascavel.com\/index.php\/wp-json\/wp\/v2\/posts\/2412\/revisions\/2414"}],"wp:featuredmedia":[{"embeddable":true,"href":"https:\/\/associacaomedicacascavel.com\/index.php\/wp-json\/wp\/v2\/media\/2413"}],"wp:attachment":[{"href":"https:\/\/associacaomedicacascavel.com\/index.php\/wp-json\/wp\/v2\/media?parent=2412"}],"wp:term":[{"taxonomy":"category","embeddable":true,"href":"https:\/\/associacaomedicacascavel.com\/index.php\/wp-json\/wp\/v2\/categories?post=2412"},{"taxonomy":"post_tag","embeddable":true,"href":"https:\/\/associacaomedicacascavel.com\/index.php\/wp-json\/wp\/v2\/tags?post=2412"}],"curies":[{"name":"wp","href":"https:\/\/api.w.org\/{rel}","templated":true}]}}