{"id":2425,"date":"2023-06-01T15:29:40","date_gmt":"2023-06-01T18:29:40","guid":{"rendered":"https:\/\/associacaomedicacascavel.com\/?p=2425"},"modified":"2023-06-01T15:29:40","modified_gmt":"2023-06-01T18:29:40","slug":"junho-laranja-campanhas-de-conscientizacao-sobre-anemia-e-leucemia","status":"publish","type":"post","link":"https:\/\/associacaomedicacascavel.com\/index.php\/2023\/06\/01\/junho-laranja-campanhas-de-conscientizacao-sobre-anemia-e-leucemia\/","title":{"rendered":"Junho Laranja: Campanhas de Conscientiza\u00e7\u00e3o sobre Anemia e Leucemia"},"content":{"rendered":"<body>\n<p>Chegamos ao m\u00eas de junho, conhecido como o \u201cJunho Laranja\u201d, um per\u00edodo dedicado \u00e0 conscientiza\u00e7\u00e3o e divulga\u00e7\u00e3o de informa\u00e7\u00f5es sobre a anemia e a leucemia. Neste texto, vamos abordar a import\u00e2ncia das campanhas de conscientiza\u00e7\u00e3o em destaque, os sinais e sintomas dessas doen\u00e7as e o papel fundamental da Associa\u00e7\u00e3o M\u00e9dica de Cascavel  em apoiar essa causa t\u00e3o relevante.<\/p>\n\n\n\n<p><strong>Anemia e Leucemia: Doen\u00e7as silenciosas que demandam aten\u00e7\u00e3o<\/strong><\/p>\n\n\n\n<p>A anemia e a leucemia s\u00e3o doen\u00e7as que afetam milh\u00f5es de pessoas em todo o mundo. Embora sejam condi\u00e7\u00f5es distintas, elas t\u00eam algo em comum: a import\u00e2ncia de serem diagnosticadas precocemente para o in\u00edcio de um tratamento adequado.<\/p>\n\n\n\n<p>A anemia \u00e9 caracterizada pela diminui\u00e7\u00e3o dos n\u00edveis de hemoglobina no sangue, o que resulta em uma redu\u00e7\u00e3o na capacidade de transporte de oxig\u00eanio pelo organismo. Essa condi\u00e7\u00e3o pode causar fadiga, palidez, fraqueza, falta de ar e outros sintomas que afetam significativamente a qualidade de vida dos indiv\u00edduos.<\/p>\n\n\n\n<p>J\u00e1 a leucemia \u00e9 um tipo de c\u00e2ncer que afeta as c\u00e9lulas produtoras de sangue na medula \u00f3ssea. Essa doen\u00e7a compromete a produ\u00e7\u00e3o de c\u00e9lulas sangu\u00edneas saud\u00e1veis, o que pode levar a problemas graves no sistema imunol\u00f3gico, anemia, sangramentos e outros sintomas. O diagn\u00f3stico precoce \u00e9 crucial para aumentar as chances de sucesso no tratamento e a sobrevida dos pacientes.<\/p>\n\n\n\n<p><strong>Campanhas de conscientiza\u00e7\u00e3o em destaque<\/strong><\/p>\n\n\n\n<p>Durante o m\u00eas de junho, diversas campanhas de conscientiza\u00e7\u00e3o s\u00e3o promovidas para alertar a popula\u00e7\u00e3o sobre a anemia e a leucemia. Organiza\u00e7\u00f5es e institui\u00e7\u00f5es de sa\u00fade ao redor do mundo se unem para disseminar informa\u00e7\u00f5es sobre a preven\u00e7\u00e3o, diagn\u00f3stico e tratamento dessas doen\u00e7as.<\/p>\n\n\n\n<p>Palestras, semin\u00e1rios, eventos esportivos e a\u00e7\u00f5es de divulga\u00e7\u00e3o s\u00e3o realizados com o objetivo de informar a popula\u00e7\u00e3o sobre os sinais de alerta e incentivar a busca por cuidados m\u00e9dicos adequados. <\/p>\n\n\n\n<p><strong>AMC apoiando a causa da anemia e leucemia<\/strong><br><br>A Associa\u00e7\u00e3o M\u00e9dica de Cascavel (AMC) \u00e9 uma institui\u00e7\u00e3o dedicada a promover a conscientiza\u00e7\u00e3o sobre essas doen\u00e7as. A AMC tem um papel fundamental na divulga\u00e7\u00e3o de informa\u00e7\u00f5es confi\u00e1veis, na promo\u00e7\u00e3o de campanhas educativas e na mobiliza\u00e7\u00e3o da sociedade para o combate a essas condi\u00e7\u00f5es de sa\u00fade.<\/p>\n\n\n\n<p>Neste Junho Laranja, a AMC incentiva a todos a se informarem sobre essas doen\u00e7as, a estarem atentos aos sinais de alerta e a buscar ajuda m\u00e9dica sempre que necess\u00e1rio. Seja participando de eventos, compartilhando informa\u00e7\u00f5es ou contribuindo para institui\u00e7\u00f5es de apoio, cada um de n\u00f3s pode fazer a diferen\u00e7a na luta contra a anemia e a leucemia.<\/p>\n<\/body>","protected":false},"excerpt":{"rendered":"<p>Chegamos ao m\u00eas de junho, conhecido como o \u201cJunho Laranja\u201d, um per\u00edodo dedicado \u00e0 conscientiza\u00e7\u00e3o e divulga\u00e7\u00e3o de informa\u00e7\u00f5es sobre a anemia e a leucemia. Neste texto, vamos abordar a import\u00e2ncia das campanhas de conscientiza\u00e7\u00e3o em destaque, os sinais e sintomas dessas doen\u00e7as e o papel fundamental da Associa\u00e7\u00e3o M\u00e9dica de Cascavel em apoiar essa [&hellip;]<\/p>\n","protected":false},"author":4,"featured_media":2426,"comment_status":"open","ping_status":"open","sticky":false,"template":"","format":"standard","meta":{"footnotes":""},"categories":[4],"tags":[],"class_list":["post-2425","post","type-post","status-publish","format-standard","has-post-thumbnail","hentry","category-noticias"],"_links":{"self":[{"href":"https:\/\/associacaomedicacascavel.com\/index.php\/wp-json\/wp\/v2\/posts\/2425","targetHints":{"allow":["GET"]}}],"collection":[{"href":"https:\/\/associacaomedicacascavel.com\/index.php\/wp-json\/wp\/v2\/posts"}],"about":[{"href":"https:\/\/associacaomedicacascavel.com\/index.php\/wp-json\/wp\/v2\/types\/post"}],"author":[{"embeddable":true,"href":"https:\/\/associacaomedicacascavel.com\/index.php\/wp-json\/wp\/v2\/users\/4"}],"replies":[{"embeddable":true,"href":"https:\/\/associacaomedicacascavel.com\/index.php\/wp-json\/wp\/v2\/comments?post=2425"}],"version-history":[{"count":1,"href":"https:\/\/associacaomedicacascavel.com\/index.php\/wp-json\/wp\/v2\/posts\/2425\/revisions"}],"predecessor-version":[{"id":2427,"href":"https:\/\/associacaomedicacascavel.com\/index.php\/wp-json\/wp\/v2\/posts\/2425\/revisions\/2427"}],"wp:featuredmedia":[{"embeddable":true,"href":"https:\/\/associacaomedicacascavel.com\/index.php\/wp-json\/wp\/v2\/media\/2426"}],"wp:attachment":[{"href":"https:\/\/associacaomedicacascavel.com\/index.php\/wp-json\/wp\/v2\/media?parent=2425"}],"wp:term":[{"taxonomy":"category","embeddable":true,"href":"https:\/\/associacaomedicacascavel.com\/index.php\/wp-json\/wp\/v2\/categories?post=2425"},{"taxonomy":"post_tag","embeddable":true,"href":"https:\/\/associacaomedicacascavel.com\/index.php\/wp-json\/wp\/v2\/tags?post=2425"}],"curies":[{"name":"wp","href":"https:\/\/api.w.org\/{rel}","templated":true}]}}