{"id":2451,"date":"2023-06-07T08:47:57","date_gmt":"2023-06-07T11:47:57","guid":{"rendered":"https:\/\/associacaomedicacascavel.com\/?p=2451"},"modified":"2023-06-07T08:47:57","modified_gmt":"2023-06-07T11:47:57","slug":"uma-viagem-aos-idos-de-1904","status":"publish","type":"post","link":"https:\/\/associacaomedicacascavel.com\/index.php\/2023\/06\/07\/uma-viagem-aos-idos-de-1904\/","title":{"rendered":"Uma viagem aos idos de 1904"},"content":{"rendered":"<body>\n<p>Foi exatamente em quatro de agosto do ano de 1904 que nascia em M\u00faceres, distrito de Campo de Besteiros, chamado Beira Alta, aquele que iria constituir uma fam\u00edlia, bem distante dali, no Rio de Janeiro, que foi meu pai. Eu digo que a partir de dezembro de 1939 eu passei a oficialmente e com registro de nascimento a ser tamb\u00e9m um Viegas.<\/p>\n\n\n\n<p>J\u00e1 conhecia a casa, a regi\u00e3o desde jovem atrav\u00e9s das fotos que existia em nossa casa, mas em 1972 fui pela primeira vez, j\u00e1 casado com a Sonia conhecer os parentes, tios e primos, a casa era grande com uma cozinha espa\u00e7osa e janelas amplas. Lembrando bem as casas das fazendas do interior brasileiro. Estive em outras ocasi\u00f5es, em uma das vezes com meu pai descreveu todos os detalhes de sua inf\u00e2ncia e de suas lembran\u00e7as por aqueles caminhos.<\/p>\n\n\n\n<p>Voltei agora para o VI Encontro da Fam\u00edlia Viegas, quanta saudade e lembran\u00e7as daqueles que no Oriente Eterno estar\u00e3o nos acompanhando. Da casa restam as estruturas basilares, de pedra que resiste ao tempo, um peda\u00e7o ou outro de uma janela e paredes j\u00e1 destru\u00eddas pelo tempo.<\/p>\n\n\n\n<p>Mas amizade dos primos, dos amigos \u00e9 registrada na recep\u00e7\u00e3o calorosa e amorosa.<\/p>\n\n\n\n<p>Com Soninha e L\u00e9o, nos programamos para a viagem onde tamb\u00e9m estava minha irm\u00e3, com filha, genro, netos e amigos.<\/p>\n\n\n\n<p>Por quest\u00f5es log\u00edsticas, s\u00f3 me encontrei com o L\u00e9o em Lisboa, na fila do desembarque, o restante da fam\u00edlia j\u00e1 estava no Porto.<\/p>\n\n\n\n<p>No primeiro dia almo\u00e7amos com uma amiga de Cascavel que l\u00e1 reside, come\u00e7amos com bacalhau e uma ta\u00e7a de vinho, not\u00edcias de Cascavel e uma troca de informa\u00e7\u00e3o sobre dupla cidadania que foi muito v\u00e1lida. J\u00e1 sou cidad\u00e3o portugu\u00eas com identidade e passaporte.<\/p>\n\n\n\n<p>Nos dois primeiro dias eu e o L\u00e9o fizemos uma caminhada de Montemor \u2013 Novo at\u00e9 Arraiolos, e depois de Arraiolos at\u00e9 \u00c9vora, lindos campos, vilas brancas de molduras azuis e castelos que demonstram o passado heroico e grandioso. O almo\u00e7o com a fam\u00edlia foi com muita emo\u00e7\u00e3o, um pouco de choro para n\u00e3o perder o costume e a deliciosa comida portuguesa.<\/p>\n\n\n\n<p>Uma noite no Hotel Castelo de Bussaco para me fingir de VIP, presente da sobrinha que adora o Tio Velho.<\/p>\n\n\n\n<p>Um jogo no Est\u00e1dio do Drag\u00e3o no Porto, foi um presente do primo Mario e da Fausta, foram de uma gentileza e cortesia, me deixaram encabulado e preocupado em como retribuir tanto carinho.<\/p>\n\n\n\n<p>Sem seguir a cronologia hist\u00f3rica farei alguns coment\u00e1rios para n\u00e3o me alongar muito.<\/p>\n\n\n\n<p>A censura \u00e9 livre, ou melhor, n\u00e3o h\u00e1 censura na TV e nos jornais, mas o futebol\u00a0 toma a maior parte dos hor\u00e1rios da TV aberta. N\u00e3o escutei fados, coisa que fa\u00e7o aqui no Brasil, ouvindo todos os s\u00e1bados na R\u00e1dio Metropolitana do Rio, mas a m\u00fasica\u00a0 brasileira est\u00e1 presente em muitos momentos\u00a0 da r\u00e1dio e TV portuguesa.<\/p>\n\n\n\n<p>Ap\u00f3s a caminhada, chegando a Arraiolos, fomos a um restaurante na entrada da cidade, Alpendre- comida t\u00edpica alentejana, o gar\u00e7om\u00a0 espantou-se, pois a maioria\u00a0 dos clientes tem mesa marcada e est\u00e3o bem vestidos e n\u00f3s de mochila e cajados \u00e9ramos os peregrinos, mas fomos bem recepcionados e a comida excelente (porco alentejano com mexilh\u00f5es). Passamos por uma pra\u00e7a de touros com um cartaz anunciando uma Tourada para o dia seis de maio, mas era o dia do almo\u00e7o e, coincidentemente\u00a0 da coroa\u00e7\u00e3o do Rei Charles III.<\/p>\n\n\n\n<p>No trajeto vimos ninhos de cegonhas, gigantes nos postes de\u00a0 transmiss\u00e3o de alta tens\u00e3o, faltam telhados e chamin\u00e9s.<\/p>\n\n\n\n<p>Visitamos Aveiro com suas praias e rios, fomos tamb\u00e9m \u00e0 F\u00e1tima agradecer, levar os pedidos de v\u00e1rio \u00e0 Maria Sant\u00edssima.<\/p>\n\n\n\n<p>Passamos em Senhora da Hora\u00a0 antes do jogo de\u00a0 futebol, e os primos Quim e\u00a0 Helena nos ofereceram um banquete como lanche da tarde e ap\u00f3s, ainda recebemos lembran\u00e7as como um afago.<\/p>\n\n\n\n<p>Uma manh\u00e3 passada no Pal\u00e1cio de Queluz nos fez recordar as aulas de hist\u00f3ria brasileira, pois ali nasceu e morreu Dom Pedro I. O Luxo ainda reluz no pr\u00f3prio nome, \u201cQueluz\u201d.<\/p>\n\n\n\n<p>Por \u00faltimo comentar Lisboa, uma cidade antiga modernizada. O transporte flui muito bem com facilidades para \u00f4nibus, metr\u00f4, bonde, uber, taxi, trem e barcos. As ruas da Mouraria, com uma popula\u00e7\u00e3o diferente, s\u00e3o muitos indianos, chineses que agora s\u00e3o os comerciantes dominantes de toda a regi\u00e3o.<\/p>\n\n\n\n<p>O Castelo de S\u00e3o Jorge imponente, ainda lembrando a import\u00e2ncia de defender Lisboa\u00a0 dos invasores que vinham pelo Tejo e por mar.<\/p>\n\n\n\n<p>Concluindo esta pequena viagem fa\u00e7o um brinde a todos com espumante\u00a0 Raposeira e um Mateus\u00a0 autentico.<\/p>\n\n\n\n<p><em>Jos\u00e9 de Jesus Lopes Viegas \u2013 M\u00e9dico CRM\/PR 5279<\/em><\/p>\n<\/body>","protected":false},"excerpt":{"rendered":"<p>Foi exatamente em quatro de agosto do ano de 1904 que nascia em M\u00faceres, distrito de Campo de Besteiros, chamado Beira Alta, aquele que iria constituir uma fam\u00edlia, bem distante dali, no Rio de Janeiro, que foi meu pai. Eu digo que a partir de dezembro de 1939 eu passei a oficialmente e com registro [&hellip;]<\/p>\n","protected":false},"author":2,"featured_media":2452,"comment_status":"open","ping_status":"open","sticky":false,"template":"","format":"standard","meta":{"footnotes":""},"categories":[29],"tags":[],"class_list":["post-2451","post","type-post","status-publish","format-standard","has-post-thumbnail","hentry","category-coluna"],"_links":{"self":[{"href":"https:\/\/associacaomedicacascavel.com\/index.php\/wp-json\/wp\/v2\/posts\/2451","targetHints":{"allow":["GET"]}}],"collection":[{"href":"https:\/\/associacaomedicacascavel.com\/index.php\/wp-json\/wp\/v2\/posts"}],"about":[{"href":"https:\/\/associacaomedicacascavel.com\/index.php\/wp-json\/wp\/v2\/types\/post"}],"author":[{"embeddable":true,"href":"https:\/\/associacaomedicacascavel.com\/index.php\/wp-json\/wp\/v2\/users\/2"}],"replies":[{"embeddable":true,"href":"https:\/\/associacaomedicacascavel.com\/index.php\/wp-json\/wp\/v2\/comments?post=2451"}],"version-history":[{"count":1,"href":"https:\/\/associacaomedicacascavel.com\/index.php\/wp-json\/wp\/v2\/posts\/2451\/revisions"}],"predecessor-version":[{"id":2453,"href":"https:\/\/associacaomedicacascavel.com\/index.php\/wp-json\/wp\/v2\/posts\/2451\/revisions\/2453"}],"wp:featuredmedia":[{"embeddable":true,"href":"https:\/\/associacaomedicacascavel.com\/index.php\/wp-json\/wp\/v2\/media\/2452"}],"wp:attachment":[{"href":"https:\/\/associacaomedicacascavel.com\/index.php\/wp-json\/wp\/v2\/media?parent=2451"}],"wp:term":[{"taxonomy":"category","embeddable":true,"href":"https:\/\/associacaomedicacascavel.com\/index.php\/wp-json\/wp\/v2\/categories?post=2451"},{"taxonomy":"post_tag","embeddable":true,"href":"https:\/\/associacaomedicacascavel.com\/index.php\/wp-json\/wp\/v2\/tags?post=2451"}],"curies":[{"name":"wp","href":"https:\/\/api.w.org\/{rel}","templated":true}]}}