{"id":2503,"date":"2023-08-09T18:18:27","date_gmt":"2023-08-09T21:18:27","guid":{"rendered":"https:\/\/associacaomedicacascavel.com\/?p=2503"},"modified":"2023-08-09T18:18:27","modified_gmt":"2023-08-09T21:18:27","slug":"eleicao-nova-diretoria-amc","status":"publish","type":"post","link":"https:\/\/associacaomedicacascavel.com\/index.php\/2023\/08\/09\/eleicao-nova-diretoria-amc\/","title":{"rendered":"Elei\u00e7\u00e3o nova diretoria AMC"},"content":{"rendered":"<body>\n<p>Foi realizada nesta quarta-feira (09) a abertura das vota\u00e7\u00f5es para nova diretoria da Associa\u00e7\u00e3o M\u00e9dica de Cascavel.<\/p>\n\n\n\n<p>O presidente da comiss\u00e3o eleitoral Dr. Jorge Luiz dos Santos e a secret\u00e1ria de mesa Solange Fretta ficam respons\u00e1veis pelo andamento da mesma.<\/p>\n\n\n\n<p>Comunicamos que vota\u00e7\u00e3o permanece aberta at\u00e9 s\u00e1bado (12) \u00e0s 12h, retorna na segunda-feira (14) e segue at\u00e9 quarta-feira (16), sempre das 09h \u00e0s 17h<\/p>\n\n\n\n<figure class=\"wp-block-gallery has-nested-images columns-default is-cropped wp-block-gallery-1 is-layout-flex wp-block-gallery-is-layout-flex\">\n<figure class=\"wp-block-image size-large\"><img loading=\"lazy\" decoding=\"async\" width=\"500\" height=\"467\" data-id=\"2505\" src=\"https:\/\/associacaomedicacascavel.com\/wp-content\/uploads\/2023\/08\/abertura-eleicao-amc-1.jpg\" alt=\"\" class=\"wp-image-2505\" loading=\"lazy\" srcset=\"https:\/\/associacaomedicacascavel.com\/wp-content\/uploads\/2023\/08\/abertura-eleicao-amc-1.jpg 500w, https:\/\/associacaomedicacascavel.com\/wp-content\/uploads\/2023\/08\/abertura-eleicao-amc-1-300x280.jpg 300w\" sizes=\"auto, (max-width: 500px) 100vw, 500px\" \/><\/figure>\n<\/figure>\n<\/body>","protected":false},"excerpt":{"rendered":"<p>Foi realizada nesta quarta-feira (09) a abertura das vota\u00e7\u00f5es para nova diretoria da Associa\u00e7\u00e3o M\u00e9dica de Cascavel. O presidente da comiss\u00e3o eleitoral Dr. Jorge Luiz dos Santos e a secret\u00e1ria de mesa Solange Fretta ficam respons\u00e1veis pelo andamento da mesma. Comunicamos que vota\u00e7\u00e3o permanece aberta at\u00e9 s\u00e1bado (12) \u00e0s 12h, retorna na segunda-feira (14) e [&hellip;]<\/p>\n","protected":false},"author":4,"featured_media":2506,"comment_status":"open","ping_status":"open","sticky":false,"template":"","format":"standard","meta":{"footnotes":""},"categories":[4],"tags":[],"class_list":["post-2503","post","type-post","status-publish","format-standard","has-post-thumbnail","hentry","category-noticias"],"_links":{"self":[{"href":"https:\/\/associacaomedicacascavel.com\/index.php\/wp-json\/wp\/v2\/posts\/2503","targetHints":{"allow":["GET"]}}],"collection":[{"href":"https:\/\/associacaomedicacascavel.com\/index.php\/wp-json\/wp\/v2\/posts"}],"about":[{"href":"https:\/\/associacaomedicacascavel.com\/index.php\/wp-json\/wp\/v2\/types\/post"}],"author":[{"embeddable":true,"href":"https:\/\/associacaomedicacascavel.com\/index.php\/wp-json\/wp\/v2\/users\/4"}],"replies":[{"embeddable":true,"href":"https:\/\/associacaomedicacascavel.com\/index.php\/wp-json\/wp\/v2\/comments?post=2503"}],"version-history":[{"count":1,"href":"https:\/\/associacaomedicacascavel.com\/index.php\/wp-json\/wp\/v2\/posts\/2503\/revisions"}],"predecessor-version":[{"id":2507,"href":"https:\/\/associacaomedicacascavel.com\/index.php\/wp-json\/wp\/v2\/posts\/2503\/revisions\/2507"}],"wp:featuredmedia":[{"embeddable":true,"href":"https:\/\/associacaomedicacascavel.com\/index.php\/wp-json\/wp\/v2\/media\/2506"}],"wp:attachment":[{"href":"https:\/\/associacaomedicacascavel.com\/index.php\/wp-json\/wp\/v2\/media?parent=2503"}],"wp:term":[{"taxonomy":"category","embeddable":true,"href":"https:\/\/associacaomedicacascavel.com\/index.php\/wp-json\/wp\/v2\/categories?post=2503"},{"taxonomy":"post_tag","embeddable":true,"href":"https:\/\/associacaomedicacascavel.com\/index.php\/wp-json\/wp\/v2\/tags?post=2503"}],"curies":[{"name":"wp","href":"https:\/\/api.w.org\/{rel}","templated":true}]}}