{"id":2528,"date":"2023-09-05T11:51:46","date_gmt":"2023-09-05T14:51:46","guid":{"rendered":"https:\/\/associacaomedicacascavel.com\/?p=2528"},"modified":"2023-09-05T11:51:46","modified_gmt":"2023-09-05T14:51:46","slug":"minha-vida-no-socorro-aereo","status":"publish","type":"post","link":"https:\/\/associacaomedicacascavel.com\/index.php\/2023\/09\/05\/minha-vida-no-socorro-aereo\/","title":{"rendered":"Minha vida no socorro a\u00e9reo"},"content":{"rendered":"<body>\n<h4 class=\"wp-block-heading\"><\/h4>\n\n\n\n<p>H\u00e1 nove anos fa\u00e7o parte do socorro a\u00e9reo no helic\u00f3ptero do Samu\/SESA (Servi\u00e7o de Atendimento M\u00f3vel de Urg\u00eancia). A cada plant\u00e3o fico pensando o que me espera para aquele dia e pe\u00e7o a Deus pela minha seguran\u00e7a e das pessoas que est\u00e3o comigo. Pe\u00e7o tamb\u00e9m que eu possa ser um instrumento para ajudar as pessoas quando elas mais precisam, na emerg\u00eancia.<\/p>\n\n\n\n<p>Ao longo desses anos muita gente me pergunta como \u00e9 o meu dia tendo a miss\u00e3o de levar os primeiros socorros a uma pessoa. Eu costumo responder que \u00e9 cansativo, corrido, desgastante, por\u00e9m muito prazeroso e gratificante voc\u00ea poder oferecer os seus pr\u00e9stimos para socorrer uma pessoa, que naquele momento est\u00e1 precisando de voc\u00ea e da sua equipe.<\/p>\n\n\n\n<p>Tamb\u00e9m me perguntam por que n\u00e3o escrevo um livro sobre meus momentos no resgate a\u00e9reo e na medicina. Em uma das entrevistas uma rep\u00f3rter me fez a mesma pergunta, pediu se eu j\u00e1 tinha pensado em escrever um livro de mem\u00f3ria sobre os momentos vividos no helic\u00f3ptero. Respondi a ela que sim e que acreditava que esse livro teria muitos cap\u00edtulos, afinal j\u00e1 s\u00e3o muitos anos nessa atividade e quase dezessete anos de formado trabalhando em urg\u00eancia e emerg\u00eancia. Realmente s\u00e3o muitos momentos marcantes, muita coisa boa que passamos, mas, tamb\u00e9m tivemos momentos de tristeza com a perda de pacientes que infelizmente n\u00e3o tivemos como salvar.<\/p>\n\n\n\n<p>Existem situa\u00e7\u00f5es que fogem do alcance do m\u00e9dico, mas, para Deus nada \u00e9 imposs\u00edvel. N\u00e3o s\u00f3 nessas situa\u00e7\u00f5es, mas sempre, em primeiro lugar na minha vida est\u00e1 Deus. Eu sempre recorro a Deus e pe\u00e7o a Ele que ilumine a minha cabe\u00e7a, que ilumine o meu conhecimento, que opere pelas minhas m\u00e3os, que tome as condutas pelas minhas m\u00e3os, para que eu possa salvar meus pacientes, fazer o meu melhor e que realmente eu possa salvar vidas. Sempre pe\u00e7o a Deus que Ele esteja me iluminando e iluminando o paciente que eu estou atendendo.<\/p>\n\n\n\n<p>Se me perguntam qual \u00e9 meu ponto de fuga para desopilar o dia a dia costumo dizer para todos que j\u00e1 h\u00e1 alguns anos tenho frequentado o lago das marinas de Boa Vista da Aparecida, onde eu e meus amigos navegamos e temos bastante contato com a natureza, o que \u00e9 uma bela forma de desestressar, de conseguir aliviar toda a tens\u00e3o acumulada.<\/p>\n\n\n\n<p>Francamente eu gostaria que todas as pessoas tivessem o direito de um bom momento de lazer, de um momento com a fam\u00edlia, de brincadeiras com os amigos, enfim encontros prazerosos com as pessoas que amamos, pois certamente isso as deixariam mais felizes, saud\u00e1veis e mais fortes para encarar os percal\u00e7os da vida moderna. Meu desejo sincero \u00e9 que todos sejam felizes.<\/p>\n\n\n\n<h4 class=\"wp-block-heading\">Dr. Andr\u00e9 Kamchen \u2013 M\u00e9dico Cirurgi\u00e3o Geral \/ CRM PR \u2013 23.466 \/ RQE 344<\/h4>\n<\/body>","protected":false},"excerpt":{"rendered":"<p>H\u00e1 nove anos fa\u00e7o parte do socorro a\u00e9reo no helic\u00f3ptero do Samu\/SESA (Servi\u00e7o de Atendimento M\u00f3vel de Urg\u00eancia). A cada plant\u00e3o fico pensando o que me espera para aquele dia e pe\u00e7o a Deus pela minha seguran\u00e7a e das pessoas que est\u00e3o comigo. Pe\u00e7o tamb\u00e9m que eu possa ser um instrumento para ajudar as pessoas [&hellip;]<\/p>\n","protected":false},"author":2,"featured_media":2529,"comment_status":"open","ping_status":"open","sticky":false,"template":"","format":"standard","meta":{"footnotes":""},"categories":[29],"tags":[20,31],"class_list":["post-2528","post","type-post","status-publish","format-standard","has-post-thumbnail","hentry","category-coluna","tag-coluna","tag-coluna-amc"],"_links":{"self":[{"href":"https:\/\/associacaomedicacascavel.com\/index.php\/wp-json\/wp\/v2\/posts\/2528","targetHints":{"allow":["GET"]}}],"collection":[{"href":"https:\/\/associacaomedicacascavel.com\/index.php\/wp-json\/wp\/v2\/posts"}],"about":[{"href":"https:\/\/associacaomedicacascavel.com\/index.php\/wp-json\/wp\/v2\/types\/post"}],"author":[{"embeddable":true,"href":"https:\/\/associacaomedicacascavel.com\/index.php\/wp-json\/wp\/v2\/users\/2"}],"replies":[{"embeddable":true,"href":"https:\/\/associacaomedicacascavel.com\/index.php\/wp-json\/wp\/v2\/comments?post=2528"}],"version-history":[{"count":1,"href":"https:\/\/associacaomedicacascavel.com\/index.php\/wp-json\/wp\/v2\/posts\/2528\/revisions"}],"predecessor-version":[{"id":2530,"href":"https:\/\/associacaomedicacascavel.com\/index.php\/wp-json\/wp\/v2\/posts\/2528\/revisions\/2530"}],"wp:featuredmedia":[{"embeddable":true,"href":"https:\/\/associacaomedicacascavel.com\/index.php\/wp-json\/wp\/v2\/media\/2529"}],"wp:attachment":[{"href":"https:\/\/associacaomedicacascavel.com\/index.php\/wp-json\/wp\/v2\/media?parent=2528"}],"wp:term":[{"taxonomy":"category","embeddable":true,"href":"https:\/\/associacaomedicacascavel.com\/index.php\/wp-json\/wp\/v2\/categories?post=2528"},{"taxonomy":"post_tag","embeddable":true,"href":"https:\/\/associacaomedicacascavel.com\/index.php\/wp-json\/wp\/v2\/tags?post=2528"}],"curies":[{"name":"wp","href":"https:\/\/api.w.org\/{rel}","templated":true}]}}