{"id":2532,"date":"2023-09-12T09:53:47","date_gmt":"2023-09-12T12:53:47","guid":{"rendered":"https:\/\/associacaomedicacascavel.com\/?p=2532"},"modified":"2023-09-12T09:53:47","modified_gmt":"2023-09-12T12:53:47","slug":"equilibrando-vida-familia-e-medicina-licao-de-uma-jornada-transformadora","status":"publish","type":"post","link":"https:\/\/associacaomedicacascavel.com\/index.php\/2023\/09\/12\/equilibrando-vida-familia-e-medicina-licao-de-uma-jornada-transformadora\/","title":{"rendered":"Equilibrando Vida, Fam\u00edlia e Medicina: Li\u00e7\u00e3o de uma jornada transformadora"},"content":{"rendered":"<body>\n<p>Em minha jornada de quase duas d\u00e9cadas como m\u00e9dico, vivenciei uma experi\u00eancia que, sem d\u00favida, moldou meu percurso profissional e pessoal de maneira transformadora. Como m\u00e9dico, somos formados com s\u00f3lida base t\u00e9cnica, mas muitas vezes negligenciamos o desenvolvimento de habilidades gerenciais, especialmente quando se trata de administrar nossa pr\u00f3pria cl\u00ednica. Ao longo dessa trajet\u00f3ria, aprendi a import\u00e2ncia de equilibrar tr\u00eas pilares fundamentais em nossas vidas: sa\u00fade (abrangendo aspectos f\u00edsicos, mentais, espirituais e emocionais), fam\u00edlia e trabalho.<\/p>\n\n\n\n<p>Compreendi que n\u00e3o basta sermos excelentes profissionais se negligenciarmos nossa sa\u00fade ou o cuidado com nossa fam\u00edlia. Ap\u00f3s quase duas d\u00e9cadas no campo da medicina, tornei-me convicto de que \u00e9 essencial cuidarmos de nossa sa\u00fade, proporcionando tempo de qualidade para nossa fam\u00edlia e zelando pelo nosso trabalho, uma vez que este est\u00e1 intrinsecamente ligado aos demais pilares.<\/p>\n\n\n\n<p>Al\u00e9m disso, uma li\u00e7\u00e3o valiosa que essa jornada me ensinou \u00e9 o poder transformador de contribuir de maneira genu\u00edna para a sociedade. Essa contribui\u00e7\u00e3o n\u00e3o se limita ao aspecto financeiro, mas tamb\u00e9m se manifesta por meio do compartilhamento de conhecimento e doa\u00e7\u00e3o de tempo em prol de institui\u00e7\u00f5es e pessoas que necessitam. \u00c9 uma experi\u00eancia enriquecedora que transcende a busca por recompensas materiais, baseando-se na satisfa\u00e7\u00e3o intr\u00ednseca de contribuir para um mundo melhor.<\/p>\n\n\n\n<p>Espero que minha hist\u00f3ria inspire outros profissionais da \u00e1rea da sa\u00fade, especialmente os m\u00e9dicos em in\u00edcio de carreira, a refletirem sobre como essas li\u00e7\u00f5es podem auxili\u00e1-los em sua jornada. Essa experi\u00eancia tem o poder de impulsionar o crescimento tanto no \u00e2mbito profissional quanto pessoal, contribuindo para o bem-estar n\u00e3o apenas de n\u00f3s mesmos, mas tamb\u00e9m de nossas fam\u00edlias e da sociedade como um todo.<\/p>\n\n\n\n<p><em>Dr. Cesar Yoshio Kawakami \u2013 CRM 21499 \u2013 PR<\/em><\/p>\n\n\n\n<p><\/p>\n<\/body>","protected":false},"excerpt":{"rendered":"<p>Em minha jornada de quase duas d\u00e9cadas como m\u00e9dico, vivenciei uma experi\u00eancia que, sem d\u00favida, moldou meu percurso profissional e pessoal de maneira transformadora. Como m\u00e9dico, somos formados com s\u00f3lida base t\u00e9cnica, mas muitas vezes negligenciamos o desenvolvimento de habilidades gerenciais, especialmente quando se trata de administrar nossa pr\u00f3pria cl\u00ednica. Ao longo dessa trajet\u00f3ria, aprendi [&hellip;]<\/p>\n","protected":false},"author":2,"featured_media":2533,"comment_status":"open","ping_status":"open","sticky":false,"template":"","format":"standard","meta":{"footnotes":""},"categories":[29],"tags":[20,31],"class_list":["post-2532","post","type-post","status-publish","format-standard","has-post-thumbnail","hentry","category-coluna","tag-coluna","tag-coluna-amc"],"_links":{"self":[{"href":"https:\/\/associacaomedicacascavel.com\/index.php\/wp-json\/wp\/v2\/posts\/2532","targetHints":{"allow":["GET"]}}],"collection":[{"href":"https:\/\/associacaomedicacascavel.com\/index.php\/wp-json\/wp\/v2\/posts"}],"about":[{"href":"https:\/\/associacaomedicacascavel.com\/index.php\/wp-json\/wp\/v2\/types\/post"}],"author":[{"embeddable":true,"href":"https:\/\/associacaomedicacascavel.com\/index.php\/wp-json\/wp\/v2\/users\/2"}],"replies":[{"embeddable":true,"href":"https:\/\/associacaomedicacascavel.com\/index.php\/wp-json\/wp\/v2\/comments?post=2532"}],"version-history":[{"count":1,"href":"https:\/\/associacaomedicacascavel.com\/index.php\/wp-json\/wp\/v2\/posts\/2532\/revisions"}],"predecessor-version":[{"id":2534,"href":"https:\/\/associacaomedicacascavel.com\/index.php\/wp-json\/wp\/v2\/posts\/2532\/revisions\/2534"}],"wp:featuredmedia":[{"embeddable":true,"href":"https:\/\/associacaomedicacascavel.com\/index.php\/wp-json\/wp\/v2\/media\/2533"}],"wp:attachment":[{"href":"https:\/\/associacaomedicacascavel.com\/index.php\/wp-json\/wp\/v2\/media?parent=2532"}],"wp:term":[{"taxonomy":"category","embeddable":true,"href":"https:\/\/associacaomedicacascavel.com\/index.php\/wp-json\/wp\/v2\/categories?post=2532"},{"taxonomy":"post_tag","embeddable":true,"href":"https:\/\/associacaomedicacascavel.com\/index.php\/wp-json\/wp\/v2\/tags?post=2532"}],"curies":[{"name":"wp","href":"https:\/\/api.w.org\/{rel}","templated":true}]}}