{"id":2536,"date":"2023-09-19T15:43:07","date_gmt":"2023-09-19T18:43:07","guid":{"rendered":"https:\/\/associacaomedicacascavel.com\/?p=2536"},"modified":"2023-09-19T16:04:31","modified_gmt":"2023-09-19T19:04:31","slug":"reuniao-da-diretoria-da-amc-2","status":"publish","type":"post","link":"https:\/\/associacaomedicacascavel.com\/index.php\/2023\/09\/19\/reuniao-da-diretoria-da-amc-2\/","title":{"rendered":"Reuni\u00e3o da Diretoria da AMC"},"content":{"rendered":"<body>\n<figure class=\"wp-block-image aligncenter size-full\"><img loading=\"lazy\" decoding=\"async\" width=\"500\" height=\"500\" src=\"https:\/\/associacaomedicacascavel.com\/wp-content\/uploads\/2023\/09\/Reuniao-AMC.jpg\" alt=\"\" class=\"wp-image-2537\" loading=\"lazy\" srcset=\"https:\/\/associacaomedicacascavel.com\/wp-content\/uploads\/2023\/09\/Reuniao-AMC.jpg 500w, https:\/\/associacaomedicacascavel.com\/wp-content\/uploads\/2023\/09\/Reuniao-AMC-300x300.jpg 300w, https:\/\/associacaomedicacascavel.com\/wp-content\/uploads\/2023\/09\/Reuniao-AMC-150x150.jpg 150w\" sizes=\"auto, (max-width: 500px) 100vw, 500px\" \/><\/figure>\n\n\n\n<p>A Diretoria da Associa\u00e7\u00e3o M\u00e9dica de Cascavel se reuniu para discutir importantes pautas. Um dos assuntos em destaque na reuni\u00e3o foi a programa\u00e7\u00e3o comemorativa ao Dia do M\u00e9dico \u2013 18 de outubro, que se aproxima. A AMC est\u00e1 programando uma s\u00e9rie de atividades que n\u00e3o apenas celebrar\u00e3o a data, mas tamb\u00e9m destacar\u00e3o a import\u00e2ncia dos m\u00e9dicos na comunidade. Outro ponto de destaque na pauta foi o an\u00fancio de um livro que est\u00e1 sendo escrito pelos m\u00e9dicos da Associa\u00e7\u00e3o M\u00e9dica de Cascavel.<\/p>\n\n\n\n<p>Al\u00e9m disso, a diretoria discutiu a pr\u00f3xima visita do Dr. Afr\u00e2nio \u00a0Afr\u00e2nio Benedito Silva Bernardes, Conselheiro do CRM-PR (Conselho Regional de Medicina do Paran\u00e1). O Dr. Afr\u00e2nio ser\u00e1 recepcionado pela presid\u00eancia e diretoria da AMC e ter\u00e1 a oportunidade de abordar a nova legisla\u00e7\u00e3o sobre publicidade m\u00e9dica. Esse \u00e9 um tema de grande relev\u00e2ncia para os m\u00e9dicos de Cascavel, pois a compreens\u00e3o e o cumprimento das regulamenta\u00e7\u00f5es s\u00e3o fundamentais para a pr\u00e1tica \u00e9tica da medicina.<\/p>\n\n\n\n<p>A reuni\u00e3o da Diretoria da Associa\u00e7\u00e3o M\u00e9dica de Cascavel refor\u00e7ou o compromisso da entidade em promover a excel\u00eancia na pr\u00e1tica m\u00e9dica, fornecer recursos educacionais e oportunidades de networking para os m\u00e9dicos locais e participar ativamente na discuss\u00e3o das quest\u00f5es relevantes para a profiss\u00e3o m\u00e9dica.<\/p>\n\n\n\n<p><strong>T\u00eanis movimenta o esporte na AMC<\/strong><\/p>\n\n\n\n<figure class=\"wp-block-image aligncenter size-full\"><img loading=\"lazy\" decoding=\"async\" width=\"900\" height=\"500\" src=\"https:\/\/associacaomedicacascavel.com\/wp-content\/uploads\/2023\/09\/Aulas-de-Tenis-na-AMC.jpg\" alt=\"\" class=\"wp-image-2538\" loading=\"lazy\" srcset=\"https:\/\/associacaomedicacascavel.com\/wp-content\/uploads\/2023\/09\/Aulas-de-Tenis-na-AMC.jpg 900w, https:\/\/associacaomedicacascavel.com\/wp-content\/uploads\/2023\/09\/Aulas-de-Tenis-na-AMC-300x167.jpg 300w, https:\/\/associacaomedicacascavel.com\/wp-content\/uploads\/2023\/09\/Aulas-de-Tenis-na-AMC-768x427.jpg 768w\" sizes=\"auto, (max-width: 900px) 100vw, 900px\" \/><\/figure>\n\n\n\n<p>A Associa\u00e7\u00e3o M\u00e9dica de Cascavel firmou parceria com a Tennis Mania para promover aulas de t\u00eanis para os interessados na modalidade. A iniciativa tem sido um grande sucesso, atraindo pessoas de diferentes idades e n\u00edveis de experi\u00eancia.<\/p>\n\n\n\n<p>Com a crescente popularidade do t\u00eanis em Cascavel, iniciativas como essa s\u00e3o importantes para proporcionar oportunidades para a pr\u00e1tica do esporte, bem como para promover um estilo de vida saud\u00e1vel para a popula\u00e7\u00e3o.<\/p>\n\n\n\n<p>Fotos: Assessoria.<\/p>\n<\/body>","protected":false},"excerpt":{"rendered":"<p>A Diretoria da Associa\u00e7\u00e3o M\u00e9dica de Cascavel se reuniu para discutir importantes pautas. Um dos assuntos em destaque na reuni\u00e3o foi a programa\u00e7\u00e3o comemorativa ao Dia do M\u00e9dico \u2013 18 de outubro, que se aproxima. A AMC est\u00e1 programando uma s\u00e9rie de atividades que n\u00e3o apenas celebrar\u00e3o a data, mas tamb\u00e9m destacar\u00e3o a import\u00e2ncia dos [&hellip;]<\/p>\n","protected":false},"author":4,"featured_media":2537,"comment_status":"open","ping_status":"open","sticky":false,"template":"","format":"standard","meta":{"footnotes":""},"categories":[29],"tags":[],"class_list":["post-2536","post","type-post","status-publish","format-standard","has-post-thumbnail","hentry","category-coluna"],"_links":{"self":[{"href":"https:\/\/associacaomedicacascavel.com\/index.php\/wp-json\/wp\/v2\/posts\/2536","targetHints":{"allow":["GET"]}}],"collection":[{"href":"https:\/\/associacaomedicacascavel.com\/index.php\/wp-json\/wp\/v2\/posts"}],"about":[{"href":"https:\/\/associacaomedicacascavel.com\/index.php\/wp-json\/wp\/v2\/types\/post"}],"author":[{"embeddable":true,"href":"https:\/\/associacaomedicacascavel.com\/index.php\/wp-json\/wp\/v2\/users\/4"}],"replies":[{"embeddable":true,"href":"https:\/\/associacaomedicacascavel.com\/index.php\/wp-json\/wp\/v2\/comments?post=2536"}],"version-history":[{"count":4,"href":"https:\/\/associacaomedicacascavel.com\/index.php\/wp-json\/wp\/v2\/posts\/2536\/revisions"}],"predecessor-version":[{"id":2542,"href":"https:\/\/associacaomedicacascavel.com\/index.php\/wp-json\/wp\/v2\/posts\/2536\/revisions\/2542"}],"wp:featuredmedia":[{"embeddable":true,"href":"https:\/\/associacaomedicacascavel.com\/index.php\/wp-json\/wp\/v2\/media\/2537"}],"wp:attachment":[{"href":"https:\/\/associacaomedicacascavel.com\/index.php\/wp-json\/wp\/v2\/media?parent=2536"}],"wp:term":[{"taxonomy":"category","embeddable":true,"href":"https:\/\/associacaomedicacascavel.com\/index.php\/wp-json\/wp\/v2\/categories?post=2536"},{"taxonomy":"post_tag","embeddable":true,"href":"https:\/\/associacaomedicacascavel.com\/index.php\/wp-json\/wp\/v2\/tags?post=2536"}],"curies":[{"name":"wp","href":"https:\/\/api.w.org\/{rel}","templated":true}]}}