{"id":2543,"date":"2023-09-25T18:14:17","date_gmt":"2023-09-25T21:14:17","guid":{"rendered":"https:\/\/associacaomedicacascavel.com\/?p=2543"},"modified":"2023-09-25T18:38:46","modified_gmt":"2023-09-25T21:38:46","slug":"associacao-medica-de-cascavel-recebe-conselheiro-do-crm-pr","status":"publish","type":"post","link":"https:\/\/associacaomedicacascavel.com\/index.php\/2023\/09\/25\/associacao-medica-de-cascavel-recebe-conselheiro-do-crm-pr\/","title":{"rendered":"Associa\u00e7\u00e3o M\u00e9dica de Cascavel recebe conselheiro do CRM-PR"},"content":{"rendered":"<body>\n<figure class=\"wp-block-gallery aligncenter has-nested-images columns-default is-cropped wp-block-gallery-1 is-layout-flex wp-block-gallery-is-layout-flex\">\n<figure class=\"wp-block-image size-large\"><img loading=\"lazy\" decoding=\"async\" width=\"1024\" height=\"680\" data-id=\"2544\" src=\"https:\/\/associacaomedicacascavel.com\/wp-content\/uploads\/2023\/09\/Dr.-Marcio-Couto-Dra.-Daniela-Novelli-Dr.-Afranio-Bernardes-e-Dr.-Cristiano-Mroginski-1024x680.jpg\" alt=\"Associa\u00e7\u00e3o M\u00e9dica de Cascavel recebe conselheiro do CRM\" class=\"wp-image-2544\" loading=\"lazy\" srcset=\"https:\/\/associacaomedicacascavel.com\/wp-content\/uploads\/2023\/09\/Dr.-Marcio-Couto-Dra.-Daniela-Novelli-Dr.-Afranio-Bernardes-e-Dr.-Cristiano-Mroginski-1024x680.jpg 1024w, https:\/\/associacaomedicacascavel.com\/wp-content\/uploads\/2023\/09\/Dr.-Marcio-Couto-Dra.-Daniela-Novelli-Dr.-Afranio-Bernardes-e-Dr.-Cristiano-Mroginski-300x199.jpg 300w, https:\/\/associacaomedicacascavel.com\/wp-content\/uploads\/2023\/09\/Dr.-Marcio-Couto-Dra.-Daniela-Novelli-Dr.-Afranio-Bernardes-e-Dr.-Cristiano-Mroginski-768x510.jpg 768w, https:\/\/associacaomedicacascavel.com\/wp-content\/uploads\/2023\/09\/Dr.-Marcio-Couto-Dra.-Daniela-Novelli-Dr.-Afranio-Bernardes-e-Dr.-Cristiano-Mroginski-1536x1020.jpg 1536w, https:\/\/associacaomedicacascavel.com\/wp-content\/uploads\/2023\/09\/Dr.-Marcio-Couto-Dra.-Daniela-Novelli-Dr.-Afranio-Bernardes-e-Dr.-Cristiano-Mroginski-2048x1360.jpg 2048w\" sizes=\"auto, (max-width: 1024px) 100vw, 1024px\" \/><\/figure>\n<\/figure>\n\n\n\n<p>No \u00faltimo s\u00e1bado (23), o presidente da Associa\u00e7\u00e3o M\u00e9dica de Cascavel, Dr. Cristiano Mroginski e o conselheiro da AMC, Dr. M\u00e1rcio Couto, juntamente com a Dra. Daniela Novelli, receberam na sede da entidade o m\u00e9dico Dr. Afr\u00e2nio Bernardes conselheiro do CRM-PR.<\/p>\n\n\n\n<p>Na ocasi\u00e3o, o Dr. Afr\u00e2nio, que veio a Cascavel a convite da Gastrocl\u00ednica, falou sobre a nova resolu\u00e7\u00e3o para publicidade m\u00e9dica. O assunto \u00e9 de extrema relev\u00e2ncia para a comunidade m\u00e9dica.<\/p>\n\n\n\n<p>As novas regras foram elaboradas pelo Conselho Federal de Medicina \u2013 CFM e contou com mais de duas mil sugest\u00f5es em consulta p\u00fablica, webin\u00e1rios e sugest\u00f5es da sociedade m\u00e9dica.<\/p>\n\n\n\n<p>A revis\u00e3o da resolu\u00e7\u00e3o entrar\u00e1 em vigor ap\u00f3s 180 dias da publica\u00e7\u00e3o, dia 13 de setembro, e traz mudan\u00e7as que permitem \u00e0 classe a divulga\u00e7\u00e3o do trabalho em redes sociais, publicidade dos equipamentos dispon\u00edveis al\u00e9m de divulga\u00e7\u00e3o de imagens de tratamentos para car\u00e1ter educativo, mas sempre preservando a identidade do paciente.<\/p>\n\n\n\n<p>Aplica-se a nova lei para fatos que ocorreram antes da nova publica\u00e7\u00e3o e para fatos que ocorreram depois, os profissionais t\u00eam at\u00e9 seis meses para se adaptarem \u00e0s mudan\u00e7as.<\/p>\n\n\n\n<p>A divulga\u00e7\u00e3o para a classe m\u00e9dica era muito restritiva e a resolu\u00e7\u00e3o vem para ampliar a forma do m\u00e9dico se expor.<\/p>\n\n\n\n<p>\u00c9 importante tamb\u00e9m ressaltar que um dos pilares da resolu\u00e7\u00e3o para publicidade m\u00e9dica \u00e9 o conte\u00fado ver\u00eddico, assim, as imagens divulgadas n\u00e3o podem ser editadas para que a informa\u00e7\u00e3o seja transparente, tamb\u00e9m n\u00e3o \u00e9 permitida a divulga\u00e7\u00e3o de forma sensacionalista.<\/p>\n\n\n\n<p>Confira a reportagem completa:<\/p>\n\n\n\n<figure class=\"wp-block-embed is-type-video is-provider-youtube wp-block-embed-youtube wp-embed-aspect-16-9 wp-has-aspect-ratio\"><div class=\"wp-block-embed__wrapper\">\n<iframe title=\"Entrevista M\u00e9dica com o m\u00e9dico cirurgi\u00e3o pl\u00e1stico, Dr. Afr\u00e2nio Bernardes - CRM\/PR - 10430.\" width=\"640\" height=\"360\" src=\"https:\/\/www.youtube.com\/embed\/68i0CsjEQz4?feature=oembed\" frameborder=\"0\" allow=\"accelerometer; autoplay; clipboard-write; encrypted-media; gyroscope; picture-in-picture; web-share\" referrerpolicy=\"strict-origin-when-cross-origin\" allowfullscreen><\/iframe>\n<\/div><\/figure>\n<\/body>","protected":false},"excerpt":{"rendered":"<p>No \u00faltimo s\u00e1bado (23), o presidente da Associa\u00e7\u00e3o M\u00e9dica de Cascavel, Dr. Cristiano Mroginski e o conselheiro da AMC, Dr. M\u00e1rcio Couto, juntamente com a Dra. Daniela Novelli, receberam na sede da entidade o m\u00e9dico Dr. Afr\u00e2nio Bernardes conselheiro do CRM-PR. Na ocasi\u00e3o, o Dr. Afr\u00e2nio, que veio a Cascavel a convite da Gastrocl\u00ednica, falou [&hellip;]<\/p>\n","protected":false},"author":4,"featured_media":2544,"comment_status":"open","ping_status":"open","sticky":false,"template":"","format":"standard","meta":{"footnotes":""},"categories":[29],"tags":[],"class_list":["post-2543","post","type-post","status-publish","format-standard","has-post-thumbnail","hentry","category-coluna"],"_links":{"self":[{"href":"https:\/\/associacaomedicacascavel.com\/index.php\/wp-json\/wp\/v2\/posts\/2543","targetHints":{"allow":["GET"]}}],"collection":[{"href":"https:\/\/associacaomedicacascavel.com\/index.php\/wp-json\/wp\/v2\/posts"}],"about":[{"href":"https:\/\/associacaomedicacascavel.com\/index.php\/wp-json\/wp\/v2\/types\/post"}],"author":[{"embeddable":true,"href":"https:\/\/associacaomedicacascavel.com\/index.php\/wp-json\/wp\/v2\/users\/4"}],"replies":[{"embeddable":true,"href":"https:\/\/associacaomedicacascavel.com\/index.php\/wp-json\/wp\/v2\/comments?post=2543"}],"version-history":[{"count":2,"href":"https:\/\/associacaomedicacascavel.com\/index.php\/wp-json\/wp\/v2\/posts\/2543\/revisions"}],"predecessor-version":[{"id":2546,"href":"https:\/\/associacaomedicacascavel.com\/index.php\/wp-json\/wp\/v2\/posts\/2543\/revisions\/2546"}],"wp:featuredmedia":[{"embeddable":true,"href":"https:\/\/associacaomedicacascavel.com\/index.php\/wp-json\/wp\/v2\/media\/2544"}],"wp:attachment":[{"href":"https:\/\/associacaomedicacascavel.com\/index.php\/wp-json\/wp\/v2\/media?parent=2543"}],"wp:term":[{"taxonomy":"category","embeddable":true,"href":"https:\/\/associacaomedicacascavel.com\/index.php\/wp-json\/wp\/v2\/categories?post=2543"},{"taxonomy":"post_tag","embeddable":true,"href":"https:\/\/associacaomedicacascavel.com\/index.php\/wp-json\/wp\/v2\/tags?post=2543"}],"curies":[{"name":"wp","href":"https:\/\/api.w.org\/{rel}","templated":true}]}}