{"id":2551,"date":"2023-09-30T17:03:44","date_gmt":"2023-09-30T20:03:44","guid":{"rendered":"https:\/\/associacaomedicacascavel.com\/?p=2551"},"modified":"2023-09-30T17:03:44","modified_gmt":"2023-09-30T20:03:44","slug":"luto-na-medicina-de-cascavel-morre-o-medico-dermatologista-marcos-clarindo","status":"publish","type":"post","link":"https:\/\/associacaomedicacascavel.com\/index.php\/2023\/09\/30\/luto-na-medicina-de-cascavel-morre-o-medico-dermatologista-marcos-clarindo\/","title":{"rendered":"LUTO na medicina de Cascavel: morre o m\u00e9dico dermatologista Marcos Clarindo"},"content":{"rendered":"<body>\n<p>\u00c9 com profundo pesar que a Associa\u00e7\u00e3o M\u00e9dica de Cascavel recebe a triste not\u00edcia do falecimento do Dr. Marcos Vinicius Clarindo, m\u00e9dico dermatologista.<\/p>\n\n\n\n<p>O vel\u00f3rio ser\u00e1 realizado a partir das 19h \u00e0s 00h na Capela B da Acesc, onde amigos, familiares e colegas poder\u00e3o prestar suas \u00faltimas homenagens. Ap\u00f3s esse per\u00edodo, o corpo ser\u00e1 transladado para S\u00e3o Paulo.<\/p>\n\n\n\n<p>Nossos pensamentos e solidariedade est\u00e3o com a fam\u00edlia e amigos nesse momento de dor. O Dr. Marcos Vinicius Clarindo ser\u00e1 lembrado pelo seu comprometimento e dedica\u00e7\u00e3o \u00e0 medicina.<\/p>\n<\/body>","protected":false},"excerpt":{"rendered":"<p>\u00c9 com profundo pesar que a Associa\u00e7\u00e3o M\u00e9dica de Cascavel recebe a triste not\u00edcia do falecimento do Dr. Marcos Vinicius Clarindo, m\u00e9dico dermatologista. O vel\u00f3rio ser\u00e1 realizado a partir das 19h \u00e0s 00h na Capela B da Acesc, onde amigos, familiares e colegas poder\u00e3o prestar suas \u00faltimas homenagens. Ap\u00f3s esse per\u00edodo, o corpo ser\u00e1 transladado [&hellip;]<\/p>\n","protected":false},"author":4,"featured_media":2552,"comment_status":"open","ping_status":"open","sticky":false,"template":"","format":"standard","meta":{"footnotes":""},"categories":[4],"tags":[],"class_list":["post-2551","post","type-post","status-publish","format-standard","has-post-thumbnail","hentry","category-noticias"],"_links":{"self":[{"href":"https:\/\/associacaomedicacascavel.com\/index.php\/wp-json\/wp\/v2\/posts\/2551","targetHints":{"allow":["GET"]}}],"collection":[{"href":"https:\/\/associacaomedicacascavel.com\/index.php\/wp-json\/wp\/v2\/posts"}],"about":[{"href":"https:\/\/associacaomedicacascavel.com\/index.php\/wp-json\/wp\/v2\/types\/post"}],"author":[{"embeddable":true,"href":"https:\/\/associacaomedicacascavel.com\/index.php\/wp-json\/wp\/v2\/users\/4"}],"replies":[{"embeddable":true,"href":"https:\/\/associacaomedicacascavel.com\/index.php\/wp-json\/wp\/v2\/comments?post=2551"}],"version-history":[{"count":1,"href":"https:\/\/associacaomedicacascavel.com\/index.php\/wp-json\/wp\/v2\/posts\/2551\/revisions"}],"predecessor-version":[{"id":2553,"href":"https:\/\/associacaomedicacascavel.com\/index.php\/wp-json\/wp\/v2\/posts\/2551\/revisions\/2553"}],"wp:featuredmedia":[{"embeddable":true,"href":"https:\/\/associacaomedicacascavel.com\/index.php\/wp-json\/wp\/v2\/media\/2552"}],"wp:attachment":[{"href":"https:\/\/associacaomedicacascavel.com\/index.php\/wp-json\/wp\/v2\/media?parent=2551"}],"wp:term":[{"taxonomy":"category","embeddable":true,"href":"https:\/\/associacaomedicacascavel.com\/index.php\/wp-json\/wp\/v2\/categories?post=2551"},{"taxonomy":"post_tag","embeddable":true,"href":"https:\/\/associacaomedicacascavel.com\/index.php\/wp-json\/wp\/v2\/tags?post=2551"}],"curies":[{"name":"wp","href":"https:\/\/api.w.org\/{rel}","templated":true}]}}