{"id":2735,"date":"2024-02-02T16:13:45","date_gmt":"2024-02-02T19:13:45","guid":{"rendered":"https:\/\/associacaomedicacascavel.com\/?p=2735"},"modified":"2024-02-02T16:13:45","modified_gmt":"2024-02-02T19:13:45","slug":"amb-realiza-congresso-que-vai-reunir-todas-as-especialidades-medicas","status":"publish","type":"post","link":"https:\/\/associacaomedicacascavel.com\/index.php\/2024\/02\/02\/amb-realiza-congresso-que-vai-reunir-todas-as-especialidades-medicas\/","title":{"rendered":"AMB realiza congresso que vai reunir todas as especialidades m\u00e9dicas"},"content":{"rendered":"<body>\n<p>A Associa\u00e7\u00e3o M\u00e9dica Brasileira (AMB) vai realizar nos dias 25 e 27 de julho, em S\u00e3o Paulo, o 2\u00ba Congresso de Medicina Geral (GMC 2024), que vai reunir m\u00e9dicos generalistas e especialistas, residentes, acad\u00eamicos e profissionais de sa\u00fade para trocar experi\u00eancias e esclarecer desafios espec\u00edficos enfrentados no dia a dia pelos m\u00e9dicos especialistas e n\u00e3o especialistas, entre outros temas.<\/p>\n\n\n\n<p>As inscri\u00e7\u00f5es est\u00e3o abertas e podem ser feitas em\u00a0<a href=\"http:\/\/www.congressogeralamb.com.br\/\">www.congressogeralamb.com.br<\/a><\/p>\n\n\n\n<p>O GMC \u00e9 um esfor\u00e7o compartilhado entre a AMB e suas sociedades m\u00e9dicas para permitir que profissionais de not\u00f3rio saber e de diferentes \u00e1reas m\u00e9dicas compartilhem experi\u00eancias e esclare\u00e7am quest\u00f5es de suas especialidades que s\u00e3o desafios aos m\u00e9dicos n\u00e3o especialistas.<\/p>\n\n\n\n<p>\u201cTemos aproximadamente 250 mil m\u00e9dicos generalistas em nosso pa\u00eds que n\u00e3o t\u00eam nenhum t\u00edtulo de especialista e praticam a medicina de forma geral. N\u00e3o existia nenhum evento nacional de atualiza\u00e7\u00e3o direcionado e moldado para esses nossos colegas. Lacuna que o Congresso de Medicina Geral busca preencher\u201d, argumenta o presidente da AMB, C\u00e9sar Fernandes.<\/p>\n\n\n\n<p>De acordo com a AMB, estar\u00e3o presentes as suas 54 sociedades de especialidades afiliadas, que compor\u00e3o a grade tem\u00e1tica do evento, com o objetivo de compartilhar conhecimentos atuais de suas respectivas especialidades, em vers\u00e3o adaptada e espec\u00edfica para o cotidiano de um m\u00e9dico n\u00e3o especialista. O objetivo \u00e9 auxiliar esses generalistas na melhor condu\u00e7\u00e3o de seus casos cl\u00ednicos nos aspectos diagn\u00f3sticos e terap\u00eauticos.<\/p>\n\n\n\n<p>Para saber como foi o I GMC, realizado ano passado, acesse\u00a0<a href=\"https:\/\/amb.org.br\/i-congresso-geral-amb-aulas\/\">aqui.<\/a><\/p>\n\n\n\n<p>Com informa\u00e7\u00f5es da\u00a0<a href=\"https:\/\/amb.org.br\/\">Associa\u00e7\u00e3o M\u00e9dica Brasileira<\/a><\/p>\n<\/body>","protected":false},"excerpt":{"rendered":"<p>A Associa\u00e7\u00e3o M\u00e9dica Brasileira (AMB) vai realizar nos dias 25 e 27 de julho, em S\u00e3o Paulo, o 2\u00ba Congresso de Medicina Geral (GMC 2024), que vai reunir m\u00e9dicos generalistas e especialistas, residentes, acad\u00eamicos e profissionais de sa\u00fade para trocar experi\u00eancias e esclarecer desafios espec\u00edficos enfrentados no dia a dia pelos m\u00e9dicos especialistas e n\u00e3o [&hellip;]<\/p>\n","protected":false},"author":4,"featured_media":2736,"comment_status":"open","ping_status":"open","sticky":false,"template":"","format":"standard","meta":{"footnotes":""},"categories":[5],"tags":[],"class_list":["post-2735","post","type-post","status-publish","format-standard","has-post-thumbnail","hentry","category-eventos"],"_links":{"self":[{"href":"https:\/\/associacaomedicacascavel.com\/index.php\/wp-json\/wp\/v2\/posts\/2735","targetHints":{"allow":["GET"]}}],"collection":[{"href":"https:\/\/associacaomedicacascavel.com\/index.php\/wp-json\/wp\/v2\/posts"}],"about":[{"href":"https:\/\/associacaomedicacascavel.com\/index.php\/wp-json\/wp\/v2\/types\/post"}],"author":[{"embeddable":true,"href":"https:\/\/associacaomedicacascavel.com\/index.php\/wp-json\/wp\/v2\/users\/4"}],"replies":[{"embeddable":true,"href":"https:\/\/associacaomedicacascavel.com\/index.php\/wp-json\/wp\/v2\/comments?post=2735"}],"version-history":[{"count":2,"href":"https:\/\/associacaomedicacascavel.com\/index.php\/wp-json\/wp\/v2\/posts\/2735\/revisions"}],"predecessor-version":[{"id":2738,"href":"https:\/\/associacaomedicacascavel.com\/index.php\/wp-json\/wp\/v2\/posts\/2735\/revisions\/2738"}],"wp:featuredmedia":[{"embeddable":true,"href":"https:\/\/associacaomedicacascavel.com\/index.php\/wp-json\/wp\/v2\/media\/2736"}],"wp:attachment":[{"href":"https:\/\/associacaomedicacascavel.com\/index.php\/wp-json\/wp\/v2\/media?parent=2735"}],"wp:term":[{"taxonomy":"category","embeddable":true,"href":"https:\/\/associacaomedicacascavel.com\/index.php\/wp-json\/wp\/v2\/categories?post=2735"},{"taxonomy":"post_tag","embeddable":true,"href":"https:\/\/associacaomedicacascavel.com\/index.php\/wp-json\/wp\/v2\/tags?post=2735"}],"curies":[{"name":"wp","href":"https:\/\/api.w.org\/{rel}","templated":true}]}}