{"id":2864,"date":"2024-05-09T15:18:48","date_gmt":"2024-05-09T18:18:48","guid":{"rendered":"https:\/\/associacaomedicacascavel.com\/?p=2864"},"modified":"2024-05-09T15:18:48","modified_gmt":"2024-05-09T18:18:48","slug":"noite-de-queijos-e-vinhos-na-amc-2","status":"publish","type":"post","link":"https:\/\/associacaomedicacascavel.com\/index.php\/2024\/05\/09\/noite-de-queijos-e-vinhos-na-amc-2\/","title":{"rendered":"NOITE DE QUEIJOS E VINHOS NA AMC"},"content":{"rendered":"<body>\n<p><br>A noite desta quarta-feira (08), na Associa\u00e7\u00e3o M\u00e9dica de Cascavel, foi um momento<br>de intera\u00e7\u00e3o e boa gastronomia. Um oferecimento da EXXA IM\u00d3VEIS E SARAIVA DE<br>REZENDE, que fizeram a explana\u00e7\u00e3o aos m\u00e9dicos presentes da fabulosa edifica\u00e7\u00e3o que<br>ser\u00e1 o SQUARE LIFE CENTER.<\/p>\n\n\n\n<p><br>Entre os m\u00e9dicos presentes, esteve tamb\u00e9m o vice-presidente da AMC Dr. Jo\u00e3o Renato e o Dr. Celso Cardoso, membro da diretoria.<br>Confira fotos da noite.<\/p>\n\n\n\n<figure class=\"wp-block-gallery has-nested-images columns-default is-cropped wp-block-gallery-1 is-layout-flex wp-block-gallery-is-layout-flex\">\n<figure class=\"wp-block-image size-large\"><img loading=\"lazy\" decoding=\"async\" width=\"1024\" height=\"680\" data-id=\"2865\" src=\"https:\/\/associacaomedicacascavel.com\/wp-content\/uploads\/2024\/05\/Demonstracao-do-Square-Life-Center-1024x680.jpg\" alt=\"\" class=\"wp-image-2865\" loading=\"lazy\" srcset=\"https:\/\/associacaomedicacascavel.com\/wp-content\/uploads\/2024\/05\/Demonstracao-do-Square-Life-Center-1024x680.jpg 1024w, https:\/\/associacaomedicacascavel.com\/wp-content\/uploads\/2024\/05\/Demonstracao-do-Square-Life-Center-300x199.jpg 300w, https:\/\/associacaomedicacascavel.com\/wp-content\/uploads\/2024\/05\/Demonstracao-do-Square-Life-Center-768x510.jpg 768w, https:\/\/associacaomedicacascavel.com\/wp-content\/uploads\/2024\/05\/Demonstracao-do-Square-Life-Center-1536x1020.jpg 1536w, https:\/\/associacaomedicacascavel.com\/wp-content\/uploads\/2024\/05\/Demonstracao-do-Square-Life-Center-2048x1360.jpg 2048w\" sizes=\"auto, (max-width: 1024px) 100vw, 1024px\" \/><\/figure>\n\n\n\n<figure class=\"wp-block-image size-large\"><img loading=\"lazy\" decoding=\"async\" width=\"1024\" height=\"657\" data-id=\"2868\" src=\"https:\/\/associacaomedicacascavel.com\/wp-content\/uploads\/2024\/05\/Dr.-Joao-Renato-Dr.-Norio-Ito-e-a-esposa-Giane-com-Dr.-Alcirley-e-esposa-Priscila-1024x657.jpg\" alt=\"\" class=\"wp-image-2868\" loading=\"lazy\" srcset=\"https:\/\/associacaomedicacascavel.com\/wp-content\/uploads\/2024\/05\/Dr.-Joao-Renato-Dr.-Norio-Ito-e-a-esposa-Giane-com-Dr.-Alcirley-e-esposa-Priscila-1024x657.jpg 1024w, https:\/\/associacaomedicacascavel.com\/wp-content\/uploads\/2024\/05\/Dr.-Joao-Renato-Dr.-Norio-Ito-e-a-esposa-Giane-com-Dr.-Alcirley-e-esposa-Priscila-300x192.jpg 300w, https:\/\/associacaomedicacascavel.com\/wp-content\/uploads\/2024\/05\/Dr.-Joao-Renato-Dr.-Norio-Ito-e-a-esposa-Giane-com-Dr.-Alcirley-e-esposa-Priscila-768x492.jpg 768w, https:\/\/associacaomedicacascavel.com\/wp-content\/uploads\/2024\/05\/Dr.-Joao-Renato-Dr.-Norio-Ito-e-a-esposa-Giane-com-Dr.-Alcirley-e-esposa-Priscila-1536x985.jpg 1536w, https:\/\/associacaomedicacascavel.com\/wp-content\/uploads\/2024\/05\/Dr.-Joao-Renato-Dr.-Norio-Ito-e-a-esposa-Giane-com-Dr.-Alcirley-e-esposa-Priscila-2048x1313.jpg 2048w\" sizes=\"auto, (max-width: 1024px) 100vw, 1024px\" \/><\/figure>\n\n\n\n<figure class=\"wp-block-image size-large\"><img loading=\"lazy\" decoding=\"async\" width=\"1024\" height=\"698\" data-id=\"2867\" src=\"https:\/\/associacaomedicacascavel.com\/wp-content\/uploads\/2024\/05\/Dr.-Celso-Cardoso-e-a-esposa-Zita-1024x698.jpg\" alt=\"\" class=\"wp-image-2867\" loading=\"lazy\" srcset=\"https:\/\/associacaomedicacascavel.com\/wp-content\/uploads\/2024\/05\/Dr.-Celso-Cardoso-e-a-esposa-Zita-1024x698.jpg 1024w, https:\/\/associacaomedicacascavel.com\/wp-content\/uploads\/2024\/05\/Dr.-Celso-Cardoso-e-a-esposa-Zita-300x205.jpg 300w, https:\/\/associacaomedicacascavel.com\/wp-content\/uploads\/2024\/05\/Dr.-Celso-Cardoso-e-a-esposa-Zita-768x524.jpg 768w, https:\/\/associacaomedicacascavel.com\/wp-content\/uploads\/2024\/05\/Dr.-Celso-Cardoso-e-a-esposa-Zita-1536x1047.jpg 1536w, https:\/\/associacaomedicacascavel.com\/wp-content\/uploads\/2024\/05\/Dr.-Celso-Cardoso-e-a-esposa-Zita-2048x1397.jpg 2048w\" sizes=\"auto, (max-width: 1024px) 100vw, 1024px\" \/><\/figure>\n\n\n\n<figure class=\"wp-block-image size-large\"><img loading=\"lazy\" decoding=\"async\" width=\"1024\" height=\"680\" data-id=\"2866\" src=\"https:\/\/associacaomedicacascavel.com\/wp-content\/uploads\/2024\/05\/Dr.-Andre-Saliba-e-a-esposa-Rafaela-1024x680.jpg\" alt=\"\" class=\"wp-image-2866\" loading=\"lazy\" srcset=\"https:\/\/associacaomedicacascavel.com\/wp-content\/uploads\/2024\/05\/Dr.-Andre-Saliba-e-a-esposa-Rafaela-1024x680.jpg 1024w, https:\/\/associacaomedicacascavel.com\/wp-content\/uploads\/2024\/05\/Dr.-Andre-Saliba-e-a-esposa-Rafaela-300x199.jpg 300w, https:\/\/associacaomedicacascavel.com\/wp-content\/uploads\/2024\/05\/Dr.-Andre-Saliba-e-a-esposa-Rafaela-768x510.jpg 768w, https:\/\/associacaomedicacascavel.com\/wp-content\/uploads\/2024\/05\/Dr.-Andre-Saliba-e-a-esposa-Rafaela-1536x1020.jpg 1536w, https:\/\/associacaomedicacascavel.com\/wp-content\/uploads\/2024\/05\/Dr.-Andre-Saliba-e-a-esposa-Rafaela-2048x1360.jpg 2048w\" sizes=\"auto, (max-width: 1024px) 100vw, 1024px\" \/><\/figure>\n\n\n\n<figure class=\"wp-block-image size-large\"><img loading=\"lazy\" decoding=\"async\" width=\"1024\" height=\"659\" data-id=\"2872\" src=\"https:\/\/associacaomedicacascavel.com\/wp-content\/uploads\/2024\/05\/Gustavo-EXXA-Imoves-e-o-medico-Dr.-German-1024x659.jpg\" alt=\"\" class=\"wp-image-2872\" loading=\"lazy\" srcset=\"https:\/\/associacaomedicacascavel.com\/wp-content\/uploads\/2024\/05\/Gustavo-EXXA-Imoves-e-o-medico-Dr.-German-1024x659.jpg 1024w, https:\/\/associacaomedicacascavel.com\/wp-content\/uploads\/2024\/05\/Gustavo-EXXA-Imoves-e-o-medico-Dr.-German-300x193.jpg 300w, https:\/\/associacaomedicacascavel.com\/wp-content\/uploads\/2024\/05\/Gustavo-EXXA-Imoves-e-o-medico-Dr.-German-768x494.jpg 768w, https:\/\/associacaomedicacascavel.com\/wp-content\/uploads\/2024\/05\/Gustavo-EXXA-Imoves-e-o-medico-Dr.-German-1536x988.jpg 1536w, https:\/\/associacaomedicacascavel.com\/wp-content\/uploads\/2024\/05\/Gustavo-EXXA-Imoves-e-o-medico-Dr.-German-2048x1318.jpg 2048w\" sizes=\"auto, (max-width: 1024px) 100vw, 1024px\" \/><\/figure>\n\n\n\n<figure class=\"wp-block-image size-large\"><img loading=\"lazy\" decoding=\"async\" width=\"1024\" height=\"680\" data-id=\"2869\" src=\"https:\/\/associacaomedicacascavel.com\/wp-content\/uploads\/2024\/05\/Dr.-Jose-Luiz-e-a-esposa-Damaris-1024x680.jpg\" alt=\"\" class=\"wp-image-2869\" loading=\"lazy\" srcset=\"https:\/\/associacaomedicacascavel.com\/wp-content\/uploads\/2024\/05\/Dr.-Jose-Luiz-e-a-esposa-Damaris-1024x680.jpg 1024w, https:\/\/associacaomedicacascavel.com\/wp-content\/uploads\/2024\/05\/Dr.-Jose-Luiz-e-a-esposa-Damaris-300x199.jpg 300w, https:\/\/associacaomedicacascavel.com\/wp-content\/uploads\/2024\/05\/Dr.-Jose-Luiz-e-a-esposa-Damaris-768x510.jpg 768w, https:\/\/associacaomedicacascavel.com\/wp-content\/uploads\/2024\/05\/Dr.-Jose-Luiz-e-a-esposa-Damaris-1536x1020.jpg 1536w, https:\/\/associacaomedicacascavel.com\/wp-content\/uploads\/2024\/05\/Dr.-Jose-Luiz-e-a-esposa-Damaris-2048x1360.jpg 2048w\" sizes=\"auto, (max-width: 1024px) 100vw, 1024px\" \/><\/figure>\n\n\n\n<figure class=\"wp-block-image size-large\"><img loading=\"lazy\" decoding=\"async\" width=\"1024\" height=\"647\" data-id=\"2870\" src=\"https:\/\/associacaomedicacascavel.com\/wp-content\/uploads\/2024\/05\/Dr.-Rafael-Bastos-e-a-esposa-Samara-com-Hortencia-Pasa-1024x647.jpg\" alt=\"\" class=\"wp-image-2870\" loading=\"lazy\" srcset=\"https:\/\/associacaomedicacascavel.com\/wp-content\/uploads\/2024\/05\/Dr.-Rafael-Bastos-e-a-esposa-Samara-com-Hortencia-Pasa-1024x647.jpg 1024w, https:\/\/associacaomedicacascavel.com\/wp-content\/uploads\/2024\/05\/Dr.-Rafael-Bastos-e-a-esposa-Samara-com-Hortencia-Pasa-300x190.jpg 300w, https:\/\/associacaomedicacascavel.com\/wp-content\/uploads\/2024\/05\/Dr.-Rafael-Bastos-e-a-esposa-Samara-com-Hortencia-Pasa-768x485.jpg 768w, https:\/\/associacaomedicacascavel.com\/wp-content\/uploads\/2024\/05\/Dr.-Rafael-Bastos-e-a-esposa-Samara-com-Hortencia-Pasa-1536x971.jpg 1536w, https:\/\/associacaomedicacascavel.com\/wp-content\/uploads\/2024\/05\/Dr.-Rafael-Bastos-e-a-esposa-Samara-com-Hortencia-Pasa-2048x1295.jpg 2048w\" sizes=\"auto, (max-width: 1024px) 100vw, 1024px\" \/><\/figure>\n\n\n\n<figure class=\"wp-block-image size-large\"><img loading=\"lazy\" decoding=\"async\" width=\"1024\" height=\"722\" data-id=\"2871\" src=\"https:\/\/associacaomedicacascavel.com\/wp-content\/uploads\/2024\/05\/Equipe-EXXA-Imoveis-e-Saraiva-de-Rezende-1024x722.jpg\" alt=\"\" class=\"wp-image-2871\" loading=\"lazy\" srcset=\"https:\/\/associacaomedicacascavel.com\/wp-content\/uploads\/2024\/05\/Equipe-EXXA-Imoveis-e-Saraiva-de-Rezende-1024x722.jpg 1024w, https:\/\/associacaomedicacascavel.com\/wp-content\/uploads\/2024\/05\/Equipe-EXXA-Imoveis-e-Saraiva-de-Rezende-300x212.jpg 300w, https:\/\/associacaomedicacascavel.com\/wp-content\/uploads\/2024\/05\/Equipe-EXXA-Imoveis-e-Saraiva-de-Rezende-768x542.jpg 768w, https:\/\/associacaomedicacascavel.com\/wp-content\/uploads\/2024\/05\/Equipe-EXXA-Imoveis-e-Saraiva-de-Rezende-1536x1084.jpg 1536w, https:\/\/associacaomedicacascavel.com\/wp-content\/uploads\/2024\/05\/Equipe-EXXA-Imoveis-e-Saraiva-de-Rezende-2048x1445.jpg 2048w\" sizes=\"auto, (max-width: 1024px) 100vw, 1024px\" \/><\/figure>\n<\/figure>\n<\/body>","protected":false},"excerpt":{"rendered":"<p>A noite desta quarta-feira (08), na Associa\u00e7\u00e3o M\u00e9dica de Cascavel, foi um momentode intera\u00e7\u00e3o e boa gastronomia. Um oferecimento da EXXA IM\u00d3VEIS E SARAIVA DEREZENDE, que fizeram a explana\u00e7\u00e3o aos m\u00e9dicos presentes da fabulosa edifica\u00e7\u00e3o queser\u00e1 o SQUARE LIFE CENTER. Entre os m\u00e9dicos presentes, esteve tamb\u00e9m o vice-presidente da AMC Dr. Jo\u00e3o Renato e o [&hellip;]<\/p>\n","protected":false},"author":2,"featured_media":2865,"comment_status":"open","ping_status":"open","sticky":false,"template":"","format":"standard","meta":{"footnotes":""},"categories":[29,5,4],"tags":[],"class_list":["post-2864","post","type-post","status-publish","format-standard","has-post-thumbnail","hentry","category-coluna","category-eventos","category-noticias"],"_links":{"self":[{"href":"https:\/\/associacaomedicacascavel.com\/index.php\/wp-json\/wp\/v2\/posts\/2864","targetHints":{"allow":["GET"]}}],"collection":[{"href":"https:\/\/associacaomedicacascavel.com\/index.php\/wp-json\/wp\/v2\/posts"}],"about":[{"href":"https:\/\/associacaomedicacascavel.com\/index.php\/wp-json\/wp\/v2\/types\/post"}],"author":[{"embeddable":true,"href":"https:\/\/associacaomedicacascavel.com\/index.php\/wp-json\/wp\/v2\/users\/2"}],"replies":[{"embeddable":true,"href":"https:\/\/associacaomedicacascavel.com\/index.php\/wp-json\/wp\/v2\/comments?post=2864"}],"version-history":[{"count":1,"href":"https:\/\/associacaomedicacascavel.com\/index.php\/wp-json\/wp\/v2\/posts\/2864\/revisions"}],"predecessor-version":[{"id":2873,"href":"https:\/\/associacaomedicacascavel.com\/index.php\/wp-json\/wp\/v2\/posts\/2864\/revisions\/2873"}],"wp:featuredmedia":[{"embeddable":true,"href":"https:\/\/associacaomedicacascavel.com\/index.php\/wp-json\/wp\/v2\/media\/2865"}],"wp:attachment":[{"href":"https:\/\/associacaomedicacascavel.com\/index.php\/wp-json\/wp\/v2\/media?parent=2864"}],"wp:term":[{"taxonomy":"category","embeddable":true,"href":"https:\/\/associacaomedicacascavel.com\/index.php\/wp-json\/wp\/v2\/categories?post=2864"},{"taxonomy":"post_tag","embeddable":true,"href":"https:\/\/associacaomedicacascavel.com\/index.php\/wp-json\/wp\/v2\/tags?post=2864"}],"curies":[{"name":"wp","href":"https:\/\/api.w.org\/{rel}","templated":true}]}}