{"id":3005,"date":"2024-08-29T10:34:53","date_gmt":"2024-08-29T13:34:53","guid":{"rendered":"https:\/\/associacaomedicacascavel.com\/?p=3005"},"modified":"2024-08-29T10:34:53","modified_gmt":"2024-08-29T13:34:53","slug":"concurso-de-charge-amc-55-anos","status":"publish","type":"post","link":"https:\/\/associacaomedicacascavel.com\/index.php\/2024\/08\/29\/concurso-de-charge-amc-55-anos\/","title":{"rendered":"CONCURSO DE CHARGE AMC\/55 ANOS"},"content":{"rendered":"<body>\n<p>O tema do Concurso de Charge da AMC\/ Associa\u00e7\u00e3o M\u00e9dica de Cascavel\/55 anos \u00e9 \u201cCascavel, M\u00e9dicos &amp; Medicina\u201d.<\/p>\n\n\n\n<p><strong><em>I \u2013 Do objetivo \u00a0 \u2013 \u00a0 <\/em><\/strong>Promovido pela AMC, este concurso tem como objetivo estimular a criatividade art\u00edstica, o surgimento de novos ilustradores chargistas em Cascavel e regi\u00e3o Oeste do Paran\u00e1, e incentivar a cultura, premiando novos talentos humanos nessa \u00e1rea.<\/p>\n\n\n\n<p><strong><em>II \u2013 Das condi\u00e7\u00f5es \u00a0 \u2013\u00a0 <\/em><\/strong>Poder\u00e3o participar do CONCURSO DE CHARGE AMC\/55 anos \u201cCascavel, M\u00e9dicos &amp; Medicina\u201d ilustradores cascavelenses e moradores de cidades da regi\u00e3o Oeste do Paran\u00e1, editados ou in\u00e9ditos, independentemente de sua nacionalidade.\u00a0<\/p>\n\n\n\n<p>2 \u2013 A charge apresentada dever\u00e1 ser rigorosamente in\u00e9dita, seja na forma impressa, seja na forma eletr\u00f4nica.<\/p>\n\n\n\n<p>3 \u2013 Ser\u00e3o automaticamente desclassificados desenhos que se descubra j\u00e1 terem sidos publicados em blogs, sites ou em quaisquer outras formas de divulga\u00e7\u00e3o.<\/p>\n\n\n\n<p>4 \u2013 N\u00e3o ser\u00e3o aceitas obras p\u00f3stumas nem assinadas por grupos.<\/p>\n\n\n\n<p>5 \u2013 \u00c9 vedada a participa\u00e7\u00e3o de integrantes do Corpo de Jurados, integrantes da imprensa cascavelenses e diretores que representam a AMC, bem como seus familiares.\u00a0 \u00a0<\/p>\n\n\n\n<p>6 \u2013 Cada concorrente poder\u00e1 participar com 03 (tr\u00eas) desenhos, sendo vedada a coautoria.<\/p>\n\n\n\n<p>7 \u2013 Os participantes poder\u00e3o concorrer enviando os trabalhos com o respectivo pseud\u00f4nimo, num mesmo envelope.<\/p>\n\n\n\n<p>8\u00a0 \u2013\u00a0 Para celebrar a cidade de Cascavel e regi\u00e3o Oeste do Paran\u00e1 como fontes de cria\u00e7\u00e3o art\u00edstica e pontos de encontro e confraterniza\u00e7\u00e3o, o tema proposto \u00e9: \u201cCascavel, M\u00e9dicos &amp; Medicina\u201d.\u00a0 Algum acontecimento atual ou recente com um ou mais personagens envolvidos, ou relativo a aspecto da hist\u00f3ria ou geografia da cidade de Cascavel, ou regi\u00e3o Oeste do Paran\u00e1, deve estar presente no trabalho, \u00e0 princ\u00edpio, mas n\u00e3o obrigat\u00f3rio, e n\u00e3o \u00e9 preciso que seja o aspecto principal abordado.<\/p>\n\n\n\n<p>9 \u2013 A charge deve ser enviada <strong>preferentemente <\/strong>em folha tamanho A4 (210 mm x 297 mm) ou por meio eletr\u00f4nico. \u00a0<\/p>\n\n\n\n<p><strong><em>III \u2013 Da inscri\u00e7\u00e3o\u00a0 \u00a0<\/em><\/strong><\/p>\n\n\n\n<p>1 \u2013 As inscri\u00e7\u00f5es estar\u00e3o abertas at\u00e9 o dia 10 de outubro de 2024.<\/p>\n\n\n\n<p>2 \u2013 Os trabalhos dever\u00e3o ser entregues ou enviados preferentemente pelo correio em carta simples ou registrada para: <strong>CONCURSO DE CHARGE AMC\/55anos, <\/strong>no endere\u00e7o da AMC. Trabalhos enviados via eletr\u00f4nica poder\u00e3o ser aceitos, a crit\u00e9rio da diretoria da AMC, quando bem identificados e seguidores das normas, equivalentes ao impresso.\u00a0<\/p>\n\n\n\n<p><strong>Endere\u00e7o da AMC:<\/strong><\/p>\n\n\n\n<p>Rua Jequitib\u00e1, 559 \u2013 Recanto Tropical, Cascavel \u2013 PR, 85807-250<\/p>\n\n\n\n<p><strong>Endere\u00e7o eletr\u00f4nico da AMC:<\/strong><\/p>\n\n\n\n<p>amccascavel@gmail.com<\/p>\n\n\n\n<p>3 \u2013 Ser\u00e3o automaticamente desclassificados os trabalhos que forem entregues ou chegarem \u00a0 ap\u00f3s a data referida.\u00a0<\/p>\n\n\n\n<p>4 \u2013 As ilustra\u00e7\u00f5es, quando impressas, ser\u00e3o em 03 (tr\u00eas) vias, e dever\u00e3o apresentar apenas o t\u00edtulo do trabalho (se houver) e o pseud\u00f4nimo do autor. O pseud\u00f4nimo escolhido n\u00e3o pode permitir a identifica\u00e7\u00e3o do autor. Logo, \u00e9 vedada a\u00a0 utiliza\u00e7\u00e3o dos nomes art\u00edsticos que o autor utilize ao publicar seus desenhos. Quando enviadas por via eletr\u00f4nica, ser\u00e3o preparadas para submiss\u00e3o \u00e0 Comiss\u00e3o Julgadora pela diretoria da AMC.<\/p>\n\n\n\n<p>5 \u2013 Esse material impresso deve ser encaminhado num envelope lacrado, identificado externamente apenas com T\u00cdTULO(S) do(s) trabalho(s) \u2013 se houver \u2013 e PSEUD\u00d4NIMO do autor. Internamente, deve conter um documento informando: t\u00edtulo(s) \u2013 se houver -, pseud\u00f4nimo, nome completo do autor, nome que deve constar na divulga\u00e7\u00e3o e\/ou publica\u00e7\u00e3o pela AMC e entidades parceiras (caso queiram divulgar), que ser\u00e3o convidadas a participar \u2013 escolas, universidades etc -, al\u00e9m de endere\u00e7o completo do mesmo, telefones e e-mail para contato, n\u00fameros de RG e CPF. Este documento deve trazer ainda um mini curr\u00edculo com informa\u00e7\u00f5es sucintas e objetivas (forma\u00e7\u00e3o, atividade profissional, publica\u00e7\u00f5es, caso haja, do autor).<\/p>\n\n\n\n<p><strong><em>IV \u2013 Da sele\u00e7\u00e3o \u00a0<\/em><\/strong><\/p>\n\n\n\n<p>1 \u2013 O julgamento ser\u00e1 feito por uma comiss\u00e3o julgadora composta por profissionais de saber relacionado e reconhecido, sendo, a princ\u00edpio, 03 (tr\u00eas) a 05 (cinco) pessoas. \u00a0<\/p>\n\n\n\n<p>2 \u2013 A avalia\u00e7\u00e3o dos trabalhos ser\u00e1 realizada com base nos crit\u00e9rios de adequa\u00e7\u00e3o ao tema proposto, originalidade, criatividade e qualidade t\u00e9cnica empregada.\u00a0<\/p>\n\n\n\n<p>3- As decis\u00f5es da comiss\u00e3o julgadora ser\u00e3o irrecorr\u00edveis.<\/p>\n\n\n\n<p>4 \u2013 Ser\u00e3o selecionados at\u00e9 20 (vinte) ilustra\u00e7\u00f5es para divulga\u00e7\u00e3o e publica\u00e7\u00e3o futuras, que ter\u00e3o direito ao recebimento de Men\u00e7\u00e3o de M\u00e9rito Art\u00edstico.\u00a0<\/p>\n\n\n\n<p>5 \u2013 A classifica\u00e7\u00e3o final ser\u00e1 divulgada na Semana do M\u00e9dico e\/ou durante as comemora\u00e7\u00f5es relativas aos 55 anos da AMC, em solenidade em Cascavel. \u00a0<\/p>\n\n\n\n<p><strong><em>V \u2013 Da premia\u00e7\u00e3o<\/em><\/strong><\/p>\n\n\n\n<p>1 \u2013 Os autores classificados em primeiro, segundo e terceiro lugares receber\u00e3o como pr\u00eamio um trof\u00e9u e um certificado, al\u00e9m dos valores em dinheiro: R$ 500,00 para o primeiro; R$ 300,00 para o segundo; e R$ 200,00 para o terceiro lugares, respectivamente.<\/p>\n\n\n\n<p>2 \u2013 A publica\u00e7\u00e3o das ilustra\u00e7\u00f5es selecionadas se constituir\u00e1 no pr\u00eamio para os primeiros lugares e demais classificados.<\/p>\n\n\n\n<p>3 \u2013 Ao inscreverem-se, os participantes concordam em ceder os direitos autorais dos desenhos \u00e0 AMC, para publica\u00e7\u00e3o ou divulga\u00e7\u00e3o por meio impresso e\/ou eletr\u00f4nico.<\/p>\n\n\n\n<p>4 \u2013 Como forma de incentivo aos estudantes de Cascavel e regi\u00e3o Oeste do Paran\u00e1, do ensino fundamental, m\u00e9dio e universit\u00e1rio, poder\u00e3o ser fornecidos pr\u00eamios e certificados \u00e0 alunos e professores, por decis\u00e3o da Comiss\u00e3o Julgadora.<\/p>\n\n\n\n<p>5. Com rela\u00e7\u00e3o ao item anterior, dire\u00e7\u00f5es de escolas e universidades ser\u00e3o contactadas e convidadas, objetivando a participa\u00e7\u00e3o.<\/p>\n\n\n\n<p><strong><em>VI \u2013 Das disposi\u00e7\u00f5es finais<\/em><\/strong><\/p>\n\n\n\n<p>1 \u2013 A AMC \u00e9 a patrocinadora do evento deste pr\u00eamio, podendo estabelecer parcerias.<\/p>\n\n\n\n<p>2 \u2013 Ap\u00f3s o t\u00e9rmino do concurso, os trabalhos recebidos n\u00e3o ser\u00e3o devolvidos.<\/p>\n\n\n\n<p>3 \u2013 A participa\u00e7\u00e3o neste concurso implica a aceita\u00e7\u00e3o total e irrestrita de todos os itens deste regulamento.<\/p>\n\n\n\n<p>4 \u2013 Casos omissos ser\u00e3o resolvidos pela diretoria da AMC.\u00a0<\/p>\n<\/body>","protected":false},"excerpt":{"rendered":"<p>O tema do Concurso de Charge da AMC\/ Associa\u00e7\u00e3o M\u00e9dica de Cascavel\/55 anos \u00e9 \u201cCascavel, M\u00e9dicos &amp; Medicina\u201d. I \u2013 Do objetivo \u00a0 \u2013 \u00a0 Promovido pela AMC, este concurso tem como objetivo estimular a criatividade art\u00edstica, o surgimento de novos ilustradores chargistas em Cascavel e regi\u00e3o Oeste do Paran\u00e1, e incentivar a cultura, premiando [&hellip;]<\/p>\n","protected":false},"author":4,"featured_media":3006,"comment_status":"open","ping_status":"open","sticky":false,"template":"","format":"standard","meta":{"footnotes":""},"categories":[5,4],"tags":[],"class_list":["post-3005","post","type-post","status-publish","format-standard","has-post-thumbnail","hentry","category-eventos","category-noticias"],"_links":{"self":[{"href":"https:\/\/associacaomedicacascavel.com\/index.php\/wp-json\/wp\/v2\/posts\/3005","targetHints":{"allow":["GET"]}}],"collection":[{"href":"https:\/\/associacaomedicacascavel.com\/index.php\/wp-json\/wp\/v2\/posts"}],"about":[{"href":"https:\/\/associacaomedicacascavel.com\/index.php\/wp-json\/wp\/v2\/types\/post"}],"author":[{"embeddable":true,"href":"https:\/\/associacaomedicacascavel.com\/index.php\/wp-json\/wp\/v2\/users\/4"}],"replies":[{"embeddable":true,"href":"https:\/\/associacaomedicacascavel.com\/index.php\/wp-json\/wp\/v2\/comments?post=3005"}],"version-history":[{"count":1,"href":"https:\/\/associacaomedicacascavel.com\/index.php\/wp-json\/wp\/v2\/posts\/3005\/revisions"}],"predecessor-version":[{"id":3007,"href":"https:\/\/associacaomedicacascavel.com\/index.php\/wp-json\/wp\/v2\/posts\/3005\/revisions\/3007"}],"wp:featuredmedia":[{"embeddable":true,"href":"https:\/\/associacaomedicacascavel.com\/index.php\/wp-json\/wp\/v2\/media\/3006"}],"wp:attachment":[{"href":"https:\/\/associacaomedicacascavel.com\/index.php\/wp-json\/wp\/v2\/media?parent=3005"}],"wp:term":[{"taxonomy":"category","embeddable":true,"href":"https:\/\/associacaomedicacascavel.com\/index.php\/wp-json\/wp\/v2\/categories?post=3005"},{"taxonomy":"post_tag","embeddable":true,"href":"https:\/\/associacaomedicacascavel.com\/index.php\/wp-json\/wp\/v2\/tags?post=3005"}],"curies":[{"name":"wp","href":"https:\/\/api.w.org\/{rel}","templated":true}]}}