{"id":3023,"date":"2024-09-24T15:40:17","date_gmt":"2024-09-24T18:40:17","guid":{"rendered":"https:\/\/associacaomedicacascavel.com\/?p=3023"},"modified":"2024-10-09T16:20:13","modified_gmt":"2024-10-09T19:20:13","slug":"associacao-medica-de-cascavel-anuncia-comemoracao-do-dia-do-medico-com-jantar-baile","status":"publish","type":"post","link":"https:\/\/associacaomedicacascavel.com\/index.php\/2024\/09\/24\/associacao-medica-de-cascavel-anuncia-comemoracao-do-dia-do-medico-com-jantar-baile\/","title":{"rendered":"Associa\u00e7\u00e3o M\u00e9dica de Cascavel anuncia comemora\u00e7\u00e3o do Dia do M\u00e9dico com Jantar-Baile"},"content":{"rendered":"<body>\n<p>Em celebra\u00e7\u00e3o ao Dia do M\u00e9dico, a ser comemorado em 18 de outubro, a Associa\u00e7\u00e3o M\u00e9dica de Cascavel (AMC) est\u00e1 preparando uma noite especial para seus associados.\u00a0<\/p>\n\n\n\n<p>O jantar-baile em comemora\u00e7\u00e3o ao Dia do M\u00e9dico \u00e9 uma tradi\u00e7\u00e3o da AMC, realizado como forma de homenagear os profissionais que atuam na \u00e1rea da sa\u00fade. Al\u00e9m de proporcionar uma noite de lazer e confraterniza\u00e7\u00e3o, o evento tem o objetivo de fortalecer o v\u00ednculo entre os m\u00e9dicos da regi\u00e3o, celebrando a dedica\u00e7\u00e3o da classe.\u00a0<\/p>\n\n\n\n<p>A festa deste ano, que promete ser uma noite memor\u00e1vel, ter\u00e1 in\u00edcio \u00e0s 20h e ser\u00e1 animada pelo renomado grupo Harmony, conhecido por embalar eventos com um repert\u00f3rio diversificado e envolvente.<\/p>\n\n\n\n<p>As vagas para o evento s\u00e3o limitadas, e os associados interessados devem confirmar sua presen\u00e7a at\u00e9 o dia 6 de outubro.<\/p>\n\n\n\n<p><strong>CONCURSO DE CHARGE AMC 55 ANOS<\/strong><br>O tema do Concurso de Charge da AMC (Associa\u00e7\u00e3o M\u00e9dica de Cascavel) 55 anos \u00e9 \u201cCascavel, M\u00e9dicos &amp; Medicina\u201d. Promovido pela AMC, este concurso tem como objetivo estimular a criatividade art\u00edstica, o surgimento de novos ilustradores chargistas em Cascavel e na regi\u00e3o Oeste do Paran\u00e1, e incentivar a cultura, premiando novos talentos humanos nessa \u00e1rea.<\/p>\n\n\n\n<p>Poder\u00e3o participar do Concurso de Charge\/55 anos \u201cCascavel, M\u00e9dicos &amp; Medicina\u201d ilustradores cascavelenses e moradores de cidades da regi\u00e3o Oeste do Paran\u00e1, editados ou in\u00e9ditos, independentemente de sua nacionalidade.<\/p>\n\n\n\n<p>As inscri\u00e7\u00f5es estar\u00e3o abertas at\u00e9 o dia 10 de outubro de 2024.<\/p>\n\n\n\n<p>Os trabalhos dever\u00e3o ser entregues ou enviados preferentemente pelo correio em carta simples ou registrada para: Concurso de Charge\/55 anos, no endere\u00e7o da AMC. Trabalhos enviados via eletr\u00f4nica poder\u00e3o ser aceitos, a crit\u00e9rio da diretoria da AMC, quando bem identificados e seguidores das normas, equivalentes ao impresso.<\/p>\n<\/body>","protected":false},"excerpt":{"rendered":"<p>Em celebra\u00e7\u00e3o ao Dia do M\u00e9dico, a ser comemorado em 18 de outubro, a Associa\u00e7\u00e3o M\u00e9dica de Cascavel (AMC) est\u00e1 preparando uma noite especial para seus associados.\u00a0 O jantar-baile em comemora\u00e7\u00e3o ao Dia do M\u00e9dico \u00e9 uma tradi\u00e7\u00e3o da AMC, realizado como forma de homenagear os profissionais que atuam na \u00e1rea da sa\u00fade. Al\u00e9m de [&hellip;]<\/p>\n","protected":false},"author":4,"featured_media":3024,"comment_status":"open","ping_status":"open","sticky":false,"template":"","format":"standard","meta":{"footnotes":""},"categories":[29,4],"tags":[],"class_list":["post-3023","post","type-post","status-publish","format-standard","has-post-thumbnail","hentry","category-coluna","category-noticias"],"_links":{"self":[{"href":"https:\/\/associacaomedicacascavel.com\/index.php\/wp-json\/wp\/v2\/posts\/3023","targetHints":{"allow":["GET"]}}],"collection":[{"href":"https:\/\/associacaomedicacascavel.com\/index.php\/wp-json\/wp\/v2\/posts"}],"about":[{"href":"https:\/\/associacaomedicacascavel.com\/index.php\/wp-json\/wp\/v2\/types\/post"}],"author":[{"embeddable":true,"href":"https:\/\/associacaomedicacascavel.com\/index.php\/wp-json\/wp\/v2\/users\/4"}],"replies":[{"embeddable":true,"href":"https:\/\/associacaomedicacascavel.com\/index.php\/wp-json\/wp\/v2\/comments?post=3023"}],"version-history":[{"count":1,"href":"https:\/\/associacaomedicacascavel.com\/index.php\/wp-json\/wp\/v2\/posts\/3023\/revisions"}],"predecessor-version":[{"id":3025,"href":"https:\/\/associacaomedicacascavel.com\/index.php\/wp-json\/wp\/v2\/posts\/3023\/revisions\/3025"}],"wp:featuredmedia":[{"embeddable":true,"href":"https:\/\/associacaomedicacascavel.com\/index.php\/wp-json\/wp\/v2\/media\/3024"}],"wp:attachment":[{"href":"https:\/\/associacaomedicacascavel.com\/index.php\/wp-json\/wp\/v2\/media?parent=3023"}],"wp:term":[{"taxonomy":"category","embeddable":true,"href":"https:\/\/associacaomedicacascavel.com\/index.php\/wp-json\/wp\/v2\/categories?post=3023"},{"taxonomy":"post_tag","embeddable":true,"href":"https:\/\/associacaomedicacascavel.com\/index.php\/wp-json\/wp\/v2\/tags?post=3023"}],"curies":[{"name":"wp","href":"https:\/\/api.w.org\/{rel}","templated":true}]}}