{"id":3054,"date":"2024-10-01T16:15:59","date_gmt":"2024-10-01T19:15:59","guid":{"rendered":"https:\/\/associacaomedicacascavel.com\/?p=3054"},"modified":"2024-10-09T16:21:35","modified_gmt":"2024-10-09T19:21:35","slug":"outubro-chegou-e-o-jantar-baile-do-dia-do-medico-vem-ai","status":"publish","type":"post","link":"https:\/\/associacaomedicacascavel.com\/index.php\/2024\/10\/01\/outubro-chegou-e-o-jantar-baile-do-dia-do-medico-vem-ai\/","title":{"rendered":"Outubro chegou e o Jantar-Baile do Dia do M\u00e9dico vem a\u00ed"},"content":{"rendered":"<body>\n<p>Em celebra\u00e7\u00e3o ao Dia do M\u00e9dico, a ser comemorado em 18 de outubro, a Associa\u00e7\u00e3o M\u00e9dica de Cascavel (AMC) est\u00e1 preparando uma noite especial para seus associados.\u00a0<\/p>\n\n\n\n<p>O jantar-baile em comemora\u00e7\u00e3o ao Dia do M\u00e9dico \u00e9 uma tradi\u00e7\u00e3o da AMC, realizado como forma de homenagear os profissionais que atuam na \u00e1rea da sa\u00fade.\u00a0<\/p>\n\n\n\n<p>A festa deste ano, que promete ser uma noite memor\u00e1vel, ter\u00e1 in\u00edcio \u00e0s 20h e ser\u00e1 animada pelo renomado grupo Harmony.<\/p>\n\n\n\n<p>As vagas para o evento s\u00e3o limitadas, e os associados interessados devem confirmar sua presen\u00e7a at\u00e9 o dia 6 de outubro.<\/p>\n<\/body>","protected":false},"excerpt":{"rendered":"<p>Em celebra\u00e7\u00e3o ao Dia do M\u00e9dico, a ser comemorado em 18 de outubro, a Associa\u00e7\u00e3o M\u00e9dica de Cascavel (AMC) est\u00e1 preparando uma noite especial para seus associados.\u00a0 O jantar-baile em comemora\u00e7\u00e3o ao Dia do M\u00e9dico \u00e9 uma tradi\u00e7\u00e3o da AMC, realizado como forma de homenagear os profissionais que atuam na \u00e1rea da sa\u00fade.\u00a0 A festa [&hellip;]<\/p>\n","protected":false},"author":4,"featured_media":3055,"comment_status":"open","ping_status":"open","sticky":false,"template":"","format":"standard","meta":{"footnotes":""},"categories":[5,4],"tags":[],"class_list":["post-3054","post","type-post","status-publish","format-standard","has-post-thumbnail","hentry","category-eventos","category-noticias"],"_links":{"self":[{"href":"https:\/\/associacaomedicacascavel.com\/index.php\/wp-json\/wp\/v2\/posts\/3054","targetHints":{"allow":["GET"]}}],"collection":[{"href":"https:\/\/associacaomedicacascavel.com\/index.php\/wp-json\/wp\/v2\/posts"}],"about":[{"href":"https:\/\/associacaomedicacascavel.com\/index.php\/wp-json\/wp\/v2\/types\/post"}],"author":[{"embeddable":true,"href":"https:\/\/associacaomedicacascavel.com\/index.php\/wp-json\/wp\/v2\/users\/4"}],"replies":[{"embeddable":true,"href":"https:\/\/associacaomedicacascavel.com\/index.php\/wp-json\/wp\/v2\/comments?post=3054"}],"version-history":[{"count":1,"href":"https:\/\/associacaomedicacascavel.com\/index.php\/wp-json\/wp\/v2\/posts\/3054\/revisions"}],"predecessor-version":[{"id":3056,"href":"https:\/\/associacaomedicacascavel.com\/index.php\/wp-json\/wp\/v2\/posts\/3054\/revisions\/3056"}],"wp:featuredmedia":[{"embeddable":true,"href":"https:\/\/associacaomedicacascavel.com\/index.php\/wp-json\/wp\/v2\/media\/3055"}],"wp:attachment":[{"href":"https:\/\/associacaomedicacascavel.com\/index.php\/wp-json\/wp\/v2\/media?parent=3054"}],"wp:term":[{"taxonomy":"category","embeddable":true,"href":"https:\/\/associacaomedicacascavel.com\/index.php\/wp-json\/wp\/v2\/categories?post=3054"},{"taxonomy":"post_tag","embeddable":true,"href":"https:\/\/associacaomedicacascavel.com\/index.php\/wp-json\/wp\/v2\/tags?post=3054"}],"curies":[{"name":"wp","href":"https:\/\/api.w.org\/{rel}","templated":true}]}}