{"id":3060,"date":"2024-10-15T09:10:46","date_gmt":"2024-10-15T12:10:46","guid":{"rendered":"https:\/\/associacaomedicacascavel.com\/?p=3060"},"modified":"2024-10-16T09:15:04","modified_gmt":"2024-10-16T12:15:04","slug":"jantar-baile-em-comemoracao-ao-dia-do-medico-e-esta-semana","status":"publish","type":"post","link":"https:\/\/associacaomedicacascavel.com\/index.php\/2024\/10\/15\/jantar-baile-em-comemoracao-ao-dia-do-medico-e-esta-semana\/","title":{"rendered":"Jantar-baile em comemora\u00e7\u00e3o ao Dia do M\u00e9dico \u00e9 esta semana"},"content":{"rendered":"<body>\n<figure class=\"wp-block-image size-large\"><img loading=\"lazy\" decoding=\"async\" width=\"1024\" height=\"670\" src=\"http:\/\/associacaomedicacascavel.com\/wp-content\/uploads\/2024\/10\/Presidente-juntamente-com-os-diretores-da-AMC-1024x670.jpg\" alt=\"\" class=\"wp-image-3061\" loading=\"lazy\" srcset=\"https:\/\/associacaomedicacascavel.com\/wp-content\/uploads\/2024\/10\/Presidente-juntamente-com-os-diretores-da-AMC-1024x670.jpg 1024w, https:\/\/associacaomedicacascavel.com\/wp-content\/uploads\/2024\/10\/Presidente-juntamente-com-os-diretores-da-AMC-300x196.jpg 300w, https:\/\/associacaomedicacascavel.com\/wp-content\/uploads\/2024\/10\/Presidente-juntamente-com-os-diretores-da-AMC-768x503.jpg 768w, https:\/\/associacaomedicacascavel.com\/wp-content\/uploads\/2024\/10\/Presidente-juntamente-com-os-diretores-da-AMC-1536x1005.jpg 1536w, https:\/\/associacaomedicacascavel.com\/wp-content\/uploads\/2024\/10\/Presidente-juntamente-com-os-diretores-da-AMC-2048x1341.jpg 2048w\" sizes=\"auto, (max-width: 1024px) 100vw, 1024px\" \/><figcaption class=\"wp-element-caption\">Presidente juntamente com os diretores da AMC<\/figcaption><\/figure>\n\n\n\n<p>Em celebra\u00e7\u00e3o ao Dia do M\u00e9dico, a ser comemorado em 18 de outubro, a Associa\u00e7\u00e3o M\u00e9dica de Cascavel (AMC) est\u00e1 preparando uma noite inesquec\u00edvel para seus associados.\u00a0<\/p>\n\n\n\n<p>O jantar-baile em comemora\u00e7\u00e3o ao Dia do M\u00e9dico \u00e9 uma tradi\u00e7\u00e3o da AMC, realizado como forma de homenagear os profissionais que atuam na \u00e1rea da sa\u00fade. Al\u00e9m de proporcionar uma noite de lazer e confraterniza\u00e7\u00e3o, o evento tem o objetivo de fortalecer o v\u00ednculo entre os m\u00e9dicos da regi\u00e3o, celebrando a dedica\u00e7\u00e3o da classe.\u00a0<\/p>\n\n\n\n<p>Este ano a comemora\u00e7\u00e3o \u00e9 ainda mais especial. Em 2024, a Associa\u00e7\u00e3o M\u00e9dica de Cascavel faz 55 anos, sendo assim o jantar-baile \u00e9 mais um motivo para celebrarmos tantas coisas boas.\u00a0<\/p>\n\n\n\n<p>A festa deste ano, que promete ser uma noite memor\u00e1vel, ter\u00e1 in\u00edcio \u00e0s 20h desta sexta-feira (18) e ser\u00e1 animada pelo renomado grupo Harmony, conhecido por embalar eventos com um repert\u00f3rio diversificado e envolvente.<\/p>\n\n\n\n<p><\/p>\n<\/body>","protected":false},"excerpt":{"rendered":"<p>Em celebra\u00e7\u00e3o ao Dia do M\u00e9dico, a ser comemorado em 18 de outubro, a Associa\u00e7\u00e3o M\u00e9dica de Cascavel (AMC) est\u00e1 preparando uma noite inesquec\u00edvel para seus associados.\u00a0 O jantar-baile em comemora\u00e7\u00e3o ao Dia do M\u00e9dico \u00e9 uma tradi\u00e7\u00e3o da AMC, realizado como forma de homenagear os profissionais que atuam na \u00e1rea da sa\u00fade. Al\u00e9m de [&hellip;]<\/p>\n","protected":false},"author":4,"featured_media":0,"comment_status":"open","ping_status":"open","sticky":false,"template":"","format":"standard","meta":{"footnotes":""},"categories":[29,5,4],"tags":[],"class_list":["post-3060","post","type-post","status-publish","format-standard","hentry","category-coluna","category-eventos","category-noticias"],"_links":{"self":[{"href":"https:\/\/associacaomedicacascavel.com\/index.php\/wp-json\/wp\/v2\/posts\/3060","targetHints":{"allow":["GET"]}}],"collection":[{"href":"https:\/\/associacaomedicacascavel.com\/index.php\/wp-json\/wp\/v2\/posts"}],"about":[{"href":"https:\/\/associacaomedicacascavel.com\/index.php\/wp-json\/wp\/v2\/types\/post"}],"author":[{"embeddable":true,"href":"https:\/\/associacaomedicacascavel.com\/index.php\/wp-json\/wp\/v2\/users\/4"}],"replies":[{"embeddable":true,"href":"https:\/\/associacaomedicacascavel.com\/index.php\/wp-json\/wp\/v2\/comments?post=3060"}],"version-history":[{"count":1,"href":"https:\/\/associacaomedicacascavel.com\/index.php\/wp-json\/wp\/v2\/posts\/3060\/revisions"}],"predecessor-version":[{"id":3062,"href":"https:\/\/associacaomedicacascavel.com\/index.php\/wp-json\/wp\/v2\/posts\/3060\/revisions\/3062"}],"wp:attachment":[{"href":"https:\/\/associacaomedicacascavel.com\/index.php\/wp-json\/wp\/v2\/media?parent=3060"}],"wp:term":[{"taxonomy":"category","embeddable":true,"href":"https:\/\/associacaomedicacascavel.com\/index.php\/wp-json\/wp\/v2\/categories?post=3060"},{"taxonomy":"post_tag","embeddable":true,"href":"https:\/\/associacaomedicacascavel.com\/index.php\/wp-json\/wp\/v2\/tags?post=3060"}],"curies":[{"name":"wp","href":"https:\/\/api.w.org\/{rel}","templated":true}]}}