{"id":3063,"date":"2024-10-21T16:42:31","date_gmt":"2024-10-21T19:42:31","guid":{"rendered":"https:\/\/associacaomedicacascavel.com\/?p=3063"},"modified":"2024-10-21T17:23:41","modified_gmt":"2024-10-21T20:23:41","slug":"jantar-baile-da-amc-em-comemoracao-ao-dia-do-medico-celebra-sucesso-com-confraternizacao-e-homenagens","status":"publish","type":"post","link":"https:\/\/associacaomedicacascavel.com\/index.php\/2024\/10\/21\/jantar-baile-da-amc-em-comemoracao-ao-dia-do-medico-celebra-sucesso-com-confraternizacao-e-homenagens\/","title":{"rendered":"Jantar-baile da AMC em comemora\u00e7\u00e3o ao Dia do M\u00e9dico celebra sucesso com confraterniza\u00e7\u00e3o e homenagens"},"content":{"rendered":"<body>\n<p>Na \u00faltima sexta-feira (18), a Associa\u00e7\u00e3o M\u00e9dica de Cascavel (AMC) promoveu um elegante jantar-baile em homenagem ao Dia do M\u00e9dico, reunindo profissionais da sa\u00fade, familiares e convidados para uma noite de celebra\u00e7\u00e3o, confraterniza\u00e7\u00e3o e muita m\u00fasica. O evento, que aconteceu em um ambiente festivo e acolhedor, foi marcado por homenagens aos m\u00e9dicos, refor\u00e7ando o compromisso da categoria com o bem-estar e a qualidade de vida da popula\u00e7\u00e3o.<\/p>\n\n\n\n<p>A anima\u00e7\u00e3o da noite ficou por conta do renomado grupo <em>Harmony<\/em>, que garantiu uma trilha sonora vibrante e envolvente.<\/p>\n\n\n\n<p>Durante a cerim\u00f4nia, o presidente da AMC, Dr. Cristiano Mroginski destacou a import\u00e2ncia do momento e o papel fundamental dos m\u00e9dicos na sociedade. \u201cEsta \u00e9 uma data especial para celebrarmos n\u00e3o apenas a nobreza da nossa profiss\u00e3o, mas tamb\u00e9m o privil\u00e9gio de poder contribuir com a sa\u00fade e a qualidade de vida das pessoas. Estarmos reunidos aqui, entre amigos e familiares, \u00e9 um presente que nos fortalece ainda mais\u201d, afirmou o presidente, enfatizando o esp\u00edrito de uni\u00e3o que o evento proporcionou.<\/p>\n\n\n\n<p>O jantar-baile tamb\u00e9m serviu como um convite para que mais profissionais da sa\u00fade se aproximem da entidade, contribuindo para o fortalecimento da classe m\u00e9dica. \u201cSe voc\u00ea ainda n\u00e3o faz parte da nossa associa\u00e7\u00e3o, convidamos a se juntar a n\u00f3s. Sua presen\u00e7a \u00e9 muito importante para seguirmos crescendo e oferecendo cada vez mais suporte \u00e0 nossa comunidade m\u00e9dica\u201d, acrescentou o presidente.<\/p>\n\n\n\n<p>Ao final da noite, os participantes deixaram o evento com a sensa\u00e7\u00e3o de alegria e gratid\u00e3o, celebrando n\u00e3o s\u00f3 o Dia do M\u00e9dico, mas tamb\u00e9m a uni\u00e3o entre colegas e a valoriza\u00e7\u00e3o da medicina como um dos pilares do cuidado com a vida.<\/p>\n\n\n\n<p><\/p>\n\n\n\n<figure class=\"wp-block-gallery has-nested-images columns-default is-cropped wp-block-gallery-1 is-layout-flex wp-block-gallery-is-layout-flex\">\n<figure class=\"wp-block-image size-large\"><img loading=\"lazy\" decoding=\"async\" width=\"1024\" height=\"700\" data-id=\"3064\" src=\"https:\/\/associacaomedicacascavel.com\/wp-content\/uploads\/2024\/10\/1.jpg\" alt=\"\" class=\"wp-image-3064\" loading=\"lazy\" srcset=\"https:\/\/associacaomedicacascavel.com\/wp-content\/uploads\/2024\/10\/1.jpg 1024w, https:\/\/associacaomedicacascavel.com\/wp-content\/uploads\/2024\/10\/1-300x205.jpg 300w, https:\/\/associacaomedicacascavel.com\/wp-content\/uploads\/2024\/10\/1-768x525.jpg 768w\" sizes=\"auto, (max-width: 1024px) 100vw, 1024px\" \/><\/figure>\n\n\n\n<figure class=\"wp-block-image size-large\"><img loading=\"lazy\" decoding=\"async\" width=\"900\" height=\"700\" data-id=\"3065\" src=\"https:\/\/associacaomedicacascavel.com\/wp-content\/uploads\/2024\/10\/2.jpg\" alt=\"\" class=\"wp-image-3065\" loading=\"lazy\" srcset=\"https:\/\/associacaomedicacascavel.com\/wp-content\/uploads\/2024\/10\/2.jpg 900w, https:\/\/associacaomedicacascavel.com\/wp-content\/uploads\/2024\/10\/2-300x233.jpg 300w, https:\/\/associacaomedicacascavel.com\/wp-content\/uploads\/2024\/10\/2-768x597.jpg 768w\" sizes=\"auto, (max-width: 900px) 100vw, 900px\" \/><\/figure>\n\n\n\n<figure class=\"wp-block-image size-large\"><img loading=\"lazy\" decoding=\"async\" width=\"1024\" height=\"675\" data-id=\"3066\" src=\"https:\/\/associacaomedicacascavel.com\/wp-content\/uploads\/2024\/10\/3-Atual-diretoria-com-ex-presidentes-1024x675.jpg\" alt=\"\" class=\"wp-image-3066\" loading=\"lazy\" srcset=\"https:\/\/associacaomedicacascavel.com\/wp-content\/uploads\/2024\/10\/3-Atual-diretoria-com-ex-presidentes-1024x675.jpg 1024w, https:\/\/associacaomedicacascavel.com\/wp-content\/uploads\/2024\/10\/3-Atual-diretoria-com-ex-presidentes-300x198.jpg 300w, https:\/\/associacaomedicacascavel.com\/wp-content\/uploads\/2024\/10\/3-Atual-diretoria-com-ex-presidentes-768x506.jpg 768w, https:\/\/associacaomedicacascavel.com\/wp-content\/uploads\/2024\/10\/3-Atual-diretoria-com-ex-presidentes-1536x1012.jpg 1536w, https:\/\/associacaomedicacascavel.com\/wp-content\/uploads\/2024\/10\/3-Atual-diretoria-com-ex-presidentes-2048x1349.jpg 2048w\" sizes=\"auto, (max-width: 1024px) 100vw, 1024px\" \/><\/figure>\n\n\n\n<figure class=\"wp-block-image size-large\"><img loading=\"lazy\" decoding=\"async\" width=\"1000\" height=\"700\" data-id=\"3067\" src=\"https:\/\/associacaomedicacascavel.com\/wp-content\/uploads\/2024\/10\/4.jpg\" alt=\"\" class=\"wp-image-3067\" loading=\"lazy\" srcset=\"https:\/\/associacaomedicacascavel.com\/wp-content\/uploads\/2024\/10\/4.jpg 1000w, https:\/\/associacaomedicacascavel.com\/wp-content\/uploads\/2024\/10\/4-300x210.jpg 300w, https:\/\/associacaomedicacascavel.com\/wp-content\/uploads\/2024\/10\/4-768x538.jpg 768w\" sizes=\"auto, (max-width: 1000px) 100vw, 1000px\" \/><\/figure>\n\n\n\n<figure class=\"wp-block-image size-large\"><img loading=\"lazy\" decoding=\"async\" width=\"1024\" height=\"680\" data-id=\"3068\" src=\"https:\/\/associacaomedicacascavel.com\/wp-content\/uploads\/2024\/10\/6-DSC_9634-1024x680.jpg\" alt=\"\" class=\"wp-image-3068\" loading=\"lazy\" srcset=\"https:\/\/associacaomedicacascavel.com\/wp-content\/uploads\/2024\/10\/6-DSC_9634-1024x680.jpg 1024w, https:\/\/associacaomedicacascavel.com\/wp-content\/uploads\/2024\/10\/6-DSC_9634-300x199.jpg 300w, https:\/\/associacaomedicacascavel.com\/wp-content\/uploads\/2024\/10\/6-DSC_9634-768x510.jpg 768w, https:\/\/associacaomedicacascavel.com\/wp-content\/uploads\/2024\/10\/6-DSC_9634-1536x1020.jpg 1536w, https:\/\/associacaomedicacascavel.com\/wp-content\/uploads\/2024\/10\/6-DSC_9634-2048x1360.jpg 2048w\" sizes=\"auto, (max-width: 1024px) 100vw, 1024px\" \/><\/figure>\n\n\n\n<figure class=\"wp-block-image size-large\"><img loading=\"lazy\" decoding=\"async\" width=\"1024\" height=\"680\" data-id=\"3069\" src=\"https:\/\/associacaomedicacascavel.com\/wp-content\/uploads\/2024\/10\/7-DSC_9652-1024x680.jpg\" alt=\"\" class=\"wp-image-3069\" loading=\"lazy\" srcset=\"https:\/\/associacaomedicacascavel.com\/wp-content\/uploads\/2024\/10\/7-DSC_9652-1024x680.jpg 1024w, https:\/\/associacaomedicacascavel.com\/wp-content\/uploads\/2024\/10\/7-DSC_9652-300x199.jpg 300w, https:\/\/associacaomedicacascavel.com\/wp-content\/uploads\/2024\/10\/7-DSC_9652-768x510.jpg 768w, https:\/\/associacaomedicacascavel.com\/wp-content\/uploads\/2024\/10\/7-DSC_9652-1536x1020.jpg 1536w, https:\/\/associacaomedicacascavel.com\/wp-content\/uploads\/2024\/10\/7-DSC_9652-2048x1360.jpg 2048w\" sizes=\"auto, (max-width: 1024px) 100vw, 1024px\" \/><\/figure>\n\n\n\n<figure class=\"wp-block-image size-large\"><img loading=\"lazy\" decoding=\"async\" width=\"1024\" height=\"680\" data-id=\"3070\" src=\"https:\/\/associacaomedicacascavel.com\/wp-content\/uploads\/2024\/10\/8-DSC_9799-1024x680.jpg\" alt=\"\" class=\"wp-image-3070\" loading=\"lazy\" srcset=\"https:\/\/associacaomedicacascavel.com\/wp-content\/uploads\/2024\/10\/8-DSC_9799-1024x680.jpg 1024w, https:\/\/associacaomedicacascavel.com\/wp-content\/uploads\/2024\/10\/8-DSC_9799-300x199.jpg 300w, https:\/\/associacaomedicacascavel.com\/wp-content\/uploads\/2024\/10\/8-DSC_9799-768x510.jpg 768w, https:\/\/associacaomedicacascavel.com\/wp-content\/uploads\/2024\/10\/8-DSC_9799-1536x1020.jpg 1536w, https:\/\/associacaomedicacascavel.com\/wp-content\/uploads\/2024\/10\/8-DSC_9799-2048x1360.jpg 2048w\" sizes=\"auto, (max-width: 1024px) 100vw, 1024px\" \/><\/figure>\n\n\n\n<figure class=\"wp-block-image size-large\"><img loading=\"lazy\" decoding=\"async\" width=\"1024\" height=\"695\" data-id=\"3071\" src=\"https:\/\/associacaomedicacascavel.com\/wp-content\/uploads\/2024\/10\/9-DSC_9796-1024x695.jpg\" alt=\"\" class=\"wp-image-3071\" loading=\"lazy\" srcset=\"https:\/\/associacaomedicacascavel.com\/wp-content\/uploads\/2024\/10\/9-DSC_9796-1024x695.jpg 1024w, https:\/\/associacaomedicacascavel.com\/wp-content\/uploads\/2024\/10\/9-DSC_9796-300x204.jpg 300w, https:\/\/associacaomedicacascavel.com\/wp-content\/uploads\/2024\/10\/9-DSC_9796-768x522.jpg 768w, https:\/\/associacaomedicacascavel.com\/wp-content\/uploads\/2024\/10\/9-DSC_9796-1536x1043.jpg 1536w, https:\/\/associacaomedicacascavel.com\/wp-content\/uploads\/2024\/10\/9-DSC_9796-2048x1391.jpg 2048w\" sizes=\"auto, (max-width: 1024px) 100vw, 1024px\" \/><\/figure>\n\n\n\n<figure class=\"wp-block-image size-large\"><img loading=\"lazy\" decoding=\"async\" width=\"1024\" height=\"680\" data-id=\"3072\" src=\"https:\/\/associacaomedicacascavel.com\/wp-content\/uploads\/2024\/10\/10-DSC_9661-1024x680.jpg\" alt=\"\" class=\"wp-image-3072\" loading=\"lazy\" srcset=\"https:\/\/associacaomedicacascavel.com\/wp-content\/uploads\/2024\/10\/10-DSC_9661-1024x680.jpg 1024w, https:\/\/associacaomedicacascavel.com\/wp-content\/uploads\/2024\/10\/10-DSC_9661-300x199.jpg 300w, https:\/\/associacaomedicacascavel.com\/wp-content\/uploads\/2024\/10\/10-DSC_9661-768x510.jpg 768w, https:\/\/associacaomedicacascavel.com\/wp-content\/uploads\/2024\/10\/10-DSC_9661-1536x1020.jpg 1536w, https:\/\/associacaomedicacascavel.com\/wp-content\/uploads\/2024\/10\/10-DSC_9661-2048x1360.jpg 2048w\" sizes=\"auto, (max-width: 1024px) 100vw, 1024px\" \/><\/figure>\n\n\n\n<figure class=\"wp-block-image size-large\"><img loading=\"lazy\" decoding=\"async\" width=\"1000\" height=\"639\" data-id=\"3073\" src=\"https:\/\/associacaomedicacascavel.com\/wp-content\/uploads\/2024\/10\/11-Sorteio-dps-brindes.jpg\" alt=\"\" class=\"wp-image-3073\" loading=\"lazy\" srcset=\"https:\/\/associacaomedicacascavel.com\/wp-content\/uploads\/2024\/10\/11-Sorteio-dps-brindes.jpg 1000w, https:\/\/associacaomedicacascavel.com\/wp-content\/uploads\/2024\/10\/11-Sorteio-dps-brindes-300x192.jpg 300w, https:\/\/associacaomedicacascavel.com\/wp-content\/uploads\/2024\/10\/11-Sorteio-dps-brindes-768x491.jpg 768w\" sizes=\"auto, (max-width: 1000px) 100vw, 1000px\" \/><\/figure>\n\n\n\n<figure class=\"wp-block-image size-large\"><img loading=\"lazy\" decoding=\"async\" width=\"1024\" height=\"678\" data-id=\"3074\" src=\"https:\/\/associacaomedicacascavel.com\/wp-content\/uploads\/2024\/10\/12-DSC_9667-1024x678.jpg\" alt=\"\" class=\"wp-image-3074\" loading=\"lazy\" srcset=\"https:\/\/associacaomedicacascavel.com\/wp-content\/uploads\/2024\/10\/12-DSC_9667-1024x678.jpg 1024w, https:\/\/associacaomedicacascavel.com\/wp-content\/uploads\/2024\/10\/12-DSC_9667-300x199.jpg 300w, https:\/\/associacaomedicacascavel.com\/wp-content\/uploads\/2024\/10\/12-DSC_9667-768x509.jpg 768w, https:\/\/associacaomedicacascavel.com\/wp-content\/uploads\/2024\/10\/12-DSC_9667-1536x1017.jpg 1536w, https:\/\/associacaomedicacascavel.com\/wp-content\/uploads\/2024\/10\/12-DSC_9667-2048x1356.jpg 2048w\" sizes=\"auto, (max-width: 1024px) 100vw, 1024px\" \/><\/figure>\n\n\n\n<figure class=\"wp-block-image size-large\"><img loading=\"lazy\" decoding=\"async\" width=\"1024\" height=\"704\" data-id=\"3075\" src=\"https:\/\/associacaomedicacascavel.com\/wp-content\/uploads\/2024\/10\/13-DSC_9737-1024x704.jpg\" alt=\"\" class=\"wp-image-3075\" loading=\"lazy\" srcset=\"https:\/\/associacaomedicacascavel.com\/wp-content\/uploads\/2024\/10\/13-DSC_9737-1024x704.jpg 1024w, https:\/\/associacaomedicacascavel.com\/wp-content\/uploads\/2024\/10\/13-DSC_9737-300x206.jpg 300w, https:\/\/associacaomedicacascavel.com\/wp-content\/uploads\/2024\/10\/13-DSC_9737-768x528.jpg 768w, https:\/\/associacaomedicacascavel.com\/wp-content\/uploads\/2024\/10\/13-DSC_9737-1536x1057.jpg 1536w, https:\/\/associacaomedicacascavel.com\/wp-content\/uploads\/2024\/10\/13-DSC_9737-2048x1409.jpg 2048w\" sizes=\"auto, (max-width: 1024px) 100vw, 1024px\" \/><\/figure>\n\n\n\n<figure class=\"wp-block-image size-large\"><img loading=\"lazy\" decoding=\"async\" width=\"1024\" height=\"709\" data-id=\"3076\" src=\"https:\/\/associacaomedicacascavel.com\/wp-content\/uploads\/2024\/10\/14-DSC_9710-1024x709.jpg\" alt=\"\" class=\"wp-image-3076\" loading=\"lazy\" srcset=\"https:\/\/associacaomedicacascavel.com\/wp-content\/uploads\/2024\/10\/14-DSC_9710-1024x709.jpg 1024w, https:\/\/associacaomedicacascavel.com\/wp-content\/uploads\/2024\/10\/14-DSC_9710-300x208.jpg 300w, https:\/\/associacaomedicacascavel.com\/wp-content\/uploads\/2024\/10\/14-DSC_9710-768x532.jpg 768w, https:\/\/associacaomedicacascavel.com\/wp-content\/uploads\/2024\/10\/14-DSC_9710-1536x1063.jpg 1536w, https:\/\/associacaomedicacascavel.com\/wp-content\/uploads\/2024\/10\/14-DSC_9710-2048x1418.jpg 2048w\" sizes=\"auto, (max-width: 1024px) 100vw, 1024px\" \/><\/figure>\n<\/figure>\n\n\n\n<p>Confira o v\u00eddeo:<br><br><\/p>\n\n\n\n<figure class=\"wp-block-embed is-type-video is-provider-youtube wp-block-embed-youtube wp-embed-aspect-16-9 wp-has-aspect-ratio\"><div class=\"wp-block-embed__wrapper\">\n<iframe title=\"Dia do M\u00e9dico Associa\u00e7\u00e3o M\u00e9dica de Cascavel, 2024.\" width=\"640\" height=\"360\" src=\"https:\/\/www.youtube.com\/embed\/ZTxLKva7JoY?feature=oembed\" frameborder=\"0\" allow=\"accelerometer; autoplay; clipboard-write; encrypted-media; gyroscope; picture-in-picture; web-share\" referrerpolicy=\"strict-origin-when-cross-origin\" allowfullscreen><\/iframe>\n<\/div><\/figure>\n<\/body>","protected":false},"excerpt":{"rendered":"<p>Na \u00faltima sexta-feira (18), a Associa\u00e7\u00e3o M\u00e9dica de Cascavel (AMC) promoveu um elegante jantar-baile em homenagem ao Dia do M\u00e9dico, reunindo profissionais da sa\u00fade, familiares e convidados para uma noite de celebra\u00e7\u00e3o, confraterniza\u00e7\u00e3o e muita m\u00fasica. O evento, que aconteceu em um ambiente festivo e acolhedor, foi marcado por homenagens aos m\u00e9dicos, refor\u00e7ando o compromisso [&hellip;]<\/p>\n","protected":false},"author":4,"featured_media":0,"comment_status":"open","ping_status":"open","sticky":false,"template":"","format":"standard","meta":{"footnotes":""},"categories":[29,5,4],"tags":[],"class_list":["post-3063","post","type-post","status-publish","format-standard","hentry","category-coluna","category-eventos","category-noticias"],"_links":{"self":[{"href":"https:\/\/associacaomedicacascavel.com\/index.php\/wp-json\/wp\/v2\/posts\/3063","targetHints":{"allow":["GET"]}}],"collection":[{"href":"https:\/\/associacaomedicacascavel.com\/index.php\/wp-json\/wp\/v2\/posts"}],"about":[{"href":"https:\/\/associacaomedicacascavel.com\/index.php\/wp-json\/wp\/v2\/types\/post"}],"author":[{"embeddable":true,"href":"https:\/\/associacaomedicacascavel.com\/index.php\/wp-json\/wp\/v2\/users\/4"}],"replies":[{"embeddable":true,"href":"https:\/\/associacaomedicacascavel.com\/index.php\/wp-json\/wp\/v2\/comments?post=3063"}],"version-history":[{"count":3,"href":"https:\/\/associacaomedicacascavel.com\/index.php\/wp-json\/wp\/v2\/posts\/3063\/revisions"}],"predecessor-version":[{"id":3079,"href":"https:\/\/associacaomedicacascavel.com\/index.php\/wp-json\/wp\/v2\/posts\/3063\/revisions\/3079"}],"wp:attachment":[{"href":"https:\/\/associacaomedicacascavel.com\/index.php\/wp-json\/wp\/v2\/media?parent=3063"}],"wp:term":[{"taxonomy":"category","embeddable":true,"href":"https:\/\/associacaomedicacascavel.com\/index.php\/wp-json\/wp\/v2\/categories?post=3063"},{"taxonomy":"post_tag","embeddable":true,"href":"https:\/\/associacaomedicacascavel.com\/index.php\/wp-json\/wp\/v2\/tags?post=3063"}],"curies":[{"name":"wp","href":"https:\/\/api.w.org\/{rel}","templated":true}]}}