{"id":3098,"date":"2024-11-12T10:06:56","date_gmt":"2024-11-12T13:06:56","guid":{"rendered":"https:\/\/associacaomedicacascavel.com\/?p=3098"},"modified":"2024-11-12T10:06:56","modified_gmt":"2024-11-12T13:06:56","slug":"amc-parabeniza-amt-pela-comemoracao-do-seus-50-anos","status":"publish","type":"post","link":"https:\/\/associacaomedicacascavel.com\/index.php\/2024\/11\/12\/amc-parabeniza-amt-pela-comemoracao-do-seus-50-anos\/","title":{"rendered":"AMC parabeniza\u00a0 AMT pela comemora\u00e7\u00e3o do seus 50 anos"},"content":{"rendered":"<body>\n<p><\/p>\n\n\n\n<p>No s\u00e1bado (09), a Associa\u00e7\u00e3o M\u00e9dica de Toledo festejou o Dia do M\u00e9dico, com um delicioso jantar seguido de baile oferecido pela AMT aos seus associados. Na mesma ocasi\u00e3o comemorou seu cinquenten\u00e1rio com lan\u00e7amento de livro hist\u00f3rico.<\/p>\n\n\n\n<p>O Presidente da AMT, Dr. Nilson Fabris, fez quest\u00e3o de convidar\u00a0 o presidente da Associa\u00e7\u00e3o M\u00e9dica de Cascavel, Dr. Cristiano Mrogisnki e seu vice, o cardiologista Dr. Jo\u00e3o Renato Dias dos Santos.<\/p>\n\n\n\n<p>No jantar-baile da AMT, tamb\u00e9m esteve presente o presidente da Associa\u00e7\u00e3o M\u00e9dica do Paran\u00e1 \u2013 AMP, Dr. Jos\u00e9 Fernando Macedo.\u00a0<\/p>\n\n\n\n<p>\u201cPodemos dizer que foi uma noite muito prazerosa, principalmente pela integra\u00e7\u00e3o que existe entre a Associa\u00e7\u00e3o M\u00e9dica de Cascavel e a Associa\u00e7\u00e3o M\u00e9dica de Toledo, pois com esta fraternal rela\u00e7\u00e3o entre as duas cidades, toda regi\u00e3o ganha com isso.\u201d, explica o presidente Dr. Cristiano.<\/p>\n\n\n\n<figure class=\"wp-block-gallery has-nested-images columns-default is-cropped wp-block-gallery-1 is-layout-flex wp-block-gallery-is-layout-flex\">\n<figure class=\"wp-block-image size-large\"><img loading=\"lazy\" decoding=\"async\" width=\"1024\" height=\"753\" data-id=\"3101\" src=\"https:\/\/associacaomedicacascavel.com\/wp-content\/uploads\/2024\/11\/Dr.-Joao-Renato-Dr.-Nilson-Fabris-Dr.-Luiz-F.-R.-Vieira-e-Dr.-Cristiano-Mrogiski-1024x753.jpg\" alt=\"\" class=\"wp-image-3101\" loading=\"lazy\" srcset=\"https:\/\/associacaomedicacascavel.com\/wp-content\/uploads\/2024\/11\/Dr.-Joao-Renato-Dr.-Nilson-Fabris-Dr.-Luiz-F.-R.-Vieira-e-Dr.-Cristiano-Mrogiski-1024x753.jpg 1024w, https:\/\/associacaomedicacascavel.com\/wp-content\/uploads\/2024\/11\/Dr.-Joao-Renato-Dr.-Nilson-Fabris-Dr.-Luiz-F.-R.-Vieira-e-Dr.-Cristiano-Mrogiski-300x221.jpg 300w, https:\/\/associacaomedicacascavel.com\/wp-content\/uploads\/2024\/11\/Dr.-Joao-Renato-Dr.-Nilson-Fabris-Dr.-Luiz-F.-R.-Vieira-e-Dr.-Cristiano-Mrogiski-768x565.jpg 768w, https:\/\/associacaomedicacascavel.com\/wp-content\/uploads\/2024\/11\/Dr.-Joao-Renato-Dr.-Nilson-Fabris-Dr.-Luiz-F.-R.-Vieira-e-Dr.-Cristiano-Mrogiski-1536x1129.jpg 1536w, https:\/\/associacaomedicacascavel.com\/wp-content\/uploads\/2024\/11\/Dr.-Joao-Renato-Dr.-Nilson-Fabris-Dr.-Luiz-F.-R.-Vieira-e-Dr.-Cristiano-Mrogiski-2048x1506.jpg 2048w\" sizes=\"auto, (max-width: 1024px) 100vw, 1024px\" \/><figcaption class=\"wp-element-caption\">Dr. Joa\u0303o Renato, Dr. Nilson Fabris, Dr. Luiz F. R. Vieira e Dr. Cristiano Mrogiski<\/figcaption><\/figure>\n\n\n\n<figure class=\"wp-block-image size-large\"><img loading=\"lazy\" decoding=\"async\" width=\"1024\" height=\"693\" data-id=\"3099\" src=\"https:\/\/associacaomedicacascavel.com\/wp-content\/uploads\/2024\/11\/Dr.-Cristiano-Dr.-Luiz-Dra.-Verena-e-Dr.-Joao-Renato-1024x693.jpg\" alt=\"\" class=\"wp-image-3099\" loading=\"lazy\" srcset=\"https:\/\/associacaomedicacascavel.com\/wp-content\/uploads\/2024\/11\/Dr.-Cristiano-Dr.-Luiz-Dra.-Verena-e-Dr.-Joao-Renato-1024x693.jpg 1024w, https:\/\/associacaomedicacascavel.com\/wp-content\/uploads\/2024\/11\/Dr.-Cristiano-Dr.-Luiz-Dra.-Verena-e-Dr.-Joao-Renato-300x203.jpg 300w, https:\/\/associacaomedicacascavel.com\/wp-content\/uploads\/2024\/11\/Dr.-Cristiano-Dr.-Luiz-Dra.-Verena-e-Dr.-Joao-Renato-768x520.jpg 768w, https:\/\/associacaomedicacascavel.com\/wp-content\/uploads\/2024\/11\/Dr.-Cristiano-Dr.-Luiz-Dra.-Verena-e-Dr.-Joao-Renato-1536x1040.jpg 1536w, https:\/\/associacaomedicacascavel.com\/wp-content\/uploads\/2024\/11\/Dr.-Cristiano-Dr.-Luiz-Dra.-Verena-e-Dr.-Joao-Renato-2048x1386.jpg 2048w\" sizes=\"auto, (max-width: 1024px) 100vw, 1024px\" \/><figcaption class=\"wp-element-caption\">Dr. Cristiano, Dr. Luiz, Dra. Verena e Dr. Jo\u00e3o Renato<\/figcaption><\/figure>\n<\/figure>\n\n\n\n<p><\/p>\n<\/body>","protected":false},"excerpt":{"rendered":"<p>No s\u00e1bado (09), a Associa\u00e7\u00e3o M\u00e9dica de Toledo festejou o Dia do M\u00e9dico, com um delicioso jantar seguido de baile oferecido pela AMT aos seus associados. Na mesma ocasi\u00e3o comemorou seu cinquenten\u00e1rio com lan\u00e7amento de livro hist\u00f3rico. O Presidente da AMT, Dr. Nilson Fabris, fez quest\u00e3o de convidar\u00a0 o presidente da Associa\u00e7\u00e3o M\u00e9dica de Cascavel, [&hellip;]<\/p>\n","protected":false},"author":4,"featured_media":3100,"comment_status":"open","ping_status":"open","sticky":false,"template":"","format":"standard","meta":{"footnotes":""},"categories":[5,4],"tags":[],"class_list":["post-3098","post","type-post","status-publish","format-standard","has-post-thumbnail","hentry","category-eventos","category-noticias"],"_links":{"self":[{"href":"https:\/\/associacaomedicacascavel.com\/index.php\/wp-json\/wp\/v2\/posts\/3098","targetHints":{"allow":["GET"]}}],"collection":[{"href":"https:\/\/associacaomedicacascavel.com\/index.php\/wp-json\/wp\/v2\/posts"}],"about":[{"href":"https:\/\/associacaomedicacascavel.com\/index.php\/wp-json\/wp\/v2\/types\/post"}],"author":[{"embeddable":true,"href":"https:\/\/associacaomedicacascavel.com\/index.php\/wp-json\/wp\/v2\/users\/4"}],"replies":[{"embeddable":true,"href":"https:\/\/associacaomedicacascavel.com\/index.php\/wp-json\/wp\/v2\/comments?post=3098"}],"version-history":[{"count":1,"href":"https:\/\/associacaomedicacascavel.com\/index.php\/wp-json\/wp\/v2\/posts\/3098\/revisions"}],"predecessor-version":[{"id":3102,"href":"https:\/\/associacaomedicacascavel.com\/index.php\/wp-json\/wp\/v2\/posts\/3098\/revisions\/3102"}],"wp:featuredmedia":[{"embeddable":true,"href":"https:\/\/associacaomedicacascavel.com\/index.php\/wp-json\/wp\/v2\/media\/3100"}],"wp:attachment":[{"href":"https:\/\/associacaomedicacascavel.com\/index.php\/wp-json\/wp\/v2\/media?parent=3098"}],"wp:term":[{"taxonomy":"category","embeddable":true,"href":"https:\/\/associacaomedicacascavel.com\/index.php\/wp-json\/wp\/v2\/categories?post=3098"},{"taxonomy":"post_tag","embeddable":true,"href":"https:\/\/associacaomedicacascavel.com\/index.php\/wp-json\/wp\/v2\/tags?post=3098"}],"curies":[{"name":"wp","href":"https:\/\/api.w.org\/{rel}","templated":true}]}}