{"id":3147,"date":"2024-12-02T16:46:00","date_gmt":"2024-12-02T19:46:00","guid":{"rendered":"https:\/\/associacaomedicacascavel.com\/?p=3147"},"modified":"2024-12-02T16:46:00","modified_gmt":"2024-12-02T19:46:00","slug":"livro-nossa-historia-55-anos-da-amc","status":"publish","type":"post","link":"https:\/\/associacaomedicacascavel.com\/index.php\/2024\/12\/02\/livro-nossa-historia-55-anos-da-amc\/","title":{"rendered":"Livro Nossa Hist\u00f3ria \u2013 55 anos da AMC"},"content":{"rendered":"<body>\n<p>Nossa Hist\u00f3ria \u2013 55 anos da Associa\u00e7\u00e3o M\u00e9dica de Cascavel \u00e9 mais um importante registro do tempo passado para o tempo presente e futuro da Medicina de Cascavel e Regi\u00e3o Oeste do Paran\u00e1. <\/p>\n\n\n\n<p>Para esta obra, foram elencados depoimentos de todos os ex-presidentes da entidade, incluindo, como homenagem e valoriza\u00e7\u00e3o, compila\u00e7\u00f5es antigas dos j\u00e1 falecidos.\u00a0<\/p>\n\n\n\n<p>Os textos e entrevistas s\u00e3o da jornalista T\u00e2nia Moraes, com revis\u00e3o e edi\u00e7\u00e3o do m\u00e9dico Dr. M\u00e1rcio Couto. <\/p>\n\n\n\n<p>Nesta quinta feira (5), acontecer\u00e1 o lan\u00e7amento no sal\u00e3o principal da entidade, com in\u00edcio \u00e0s 20h.<\/p>\n\n\n\n<p><\/p>\n<\/body>","protected":false},"excerpt":{"rendered":"<p>Nossa Hist\u00f3ria \u2013 55 anos da Associa\u00e7\u00e3o M\u00e9dica de Cascavel \u00e9 mais um importante registro do tempo passado para o tempo presente e futuro da Medicina de Cascavel e Regi\u00e3o Oeste do Paran\u00e1. Para esta obra, foram elencados depoimentos de todos os ex-presidentes da entidade, incluindo, como homenagem e valoriza\u00e7\u00e3o, compila\u00e7\u00f5es antigas dos j\u00e1 falecidos.\u00a0 [&hellip;]<\/p>\n","protected":false},"author":4,"featured_media":3148,"comment_status":"open","ping_status":"open","sticky":false,"template":"","format":"standard","meta":{"footnotes":""},"categories":[4],"tags":[],"class_list":["post-3147","post","type-post","status-publish","format-standard","has-post-thumbnail","hentry","category-noticias"],"_links":{"self":[{"href":"https:\/\/associacaomedicacascavel.com\/index.php\/wp-json\/wp\/v2\/posts\/3147","targetHints":{"allow":["GET"]}}],"collection":[{"href":"https:\/\/associacaomedicacascavel.com\/index.php\/wp-json\/wp\/v2\/posts"}],"about":[{"href":"https:\/\/associacaomedicacascavel.com\/index.php\/wp-json\/wp\/v2\/types\/post"}],"author":[{"embeddable":true,"href":"https:\/\/associacaomedicacascavel.com\/index.php\/wp-json\/wp\/v2\/users\/4"}],"replies":[{"embeddable":true,"href":"https:\/\/associacaomedicacascavel.com\/index.php\/wp-json\/wp\/v2\/comments?post=3147"}],"version-history":[{"count":1,"href":"https:\/\/associacaomedicacascavel.com\/index.php\/wp-json\/wp\/v2\/posts\/3147\/revisions"}],"predecessor-version":[{"id":3149,"href":"https:\/\/associacaomedicacascavel.com\/index.php\/wp-json\/wp\/v2\/posts\/3147\/revisions\/3149"}],"wp:featuredmedia":[{"embeddable":true,"href":"https:\/\/associacaomedicacascavel.com\/index.php\/wp-json\/wp\/v2\/media\/3148"}],"wp:attachment":[{"href":"https:\/\/associacaomedicacascavel.com\/index.php\/wp-json\/wp\/v2\/media?parent=3147"}],"wp:term":[{"taxonomy":"category","embeddable":true,"href":"https:\/\/associacaomedicacascavel.com\/index.php\/wp-json\/wp\/v2\/categories?post=3147"},{"taxonomy":"post_tag","embeddable":true,"href":"https:\/\/associacaomedicacascavel.com\/index.php\/wp-json\/wp\/v2\/tags?post=3147"}],"curies":[{"name":"wp","href":"https:\/\/api.w.org\/{rel}","templated":true}]}}