{"id":3154,"date":"2024-12-06T14:21:17","date_gmt":"2024-12-06T17:21:17","guid":{"rendered":"https:\/\/associacaomedicacascavel.com\/?p=3154"},"modified":"2024-12-09T11:07:02","modified_gmt":"2024-12-09T14:07:02","slug":"nossa-historia-55-anos-da-associacao-medica-de-cascavel","status":"publish","type":"post","link":"https:\/\/associacaomedicacascavel.com\/index.php\/2024\/12\/06\/nossa-historia-55-anos-da-associacao-medica-de-cascavel\/","title":{"rendered":"Nossa Hist\u00f3ria \u2013 55 anos da Associa\u00e7\u00e3o M\u00e9dica de Cascavel"},"content":{"rendered":"<body>\n<p>Na noite de ontem (05), a sede da AMC, viveu um momento muito importante. Aconteceu o lan\u00e7amento do livro, Nossa Hist\u00f3ria <em>\u2013 55 anos da<\/em> <em>Associa\u00e7\u00e3o M\u00e9dica de Cascavel.<\/em>\u00a0<\/p>\n\n\n\n<p>A obra \u00e9 mais um registro do tempo passado para os tempos presente e futuro da Medicina de Cascavel e Regi\u00e3o Oeste do Paran\u00e1.<\/p>\n\n\n\n<p>Os textos e entrevistas s\u00e3o da jornalista T\u00e2nia Moraes, com revis\u00e3o e edi\u00e7\u00e3o do m\u00e9dico Dr. Marcio Couto, membro da diretoria da Associa\u00e7\u00e3o M\u00e9dica de Cascavel.<\/p>\n\n\n\n<p>Nesta ocasi\u00e3o, estiveram presentes diversas autoridades, bem como m\u00e9dicos ex-presidentes da entidade. Cada um teve oportunidade de falar um pouco do que viveu como presidente da AMC, bem como tudo foi se formando atrav\u00e9s do tempo. Emocionante!<\/p>\n\n\n\n<p>Para o presidente da AMC, Dr. Cristiano Mroginski,\u00a0 \u201cManter acesa a chama do associativismo e da coopera\u00e7\u00e3o entre colegas m\u00e9dicos e comunidade \u00e9 fundamental. Por tudo isso momentos como este s\u00e3o necess\u00e1rios\u201d, finaliza.<\/p>\n\n\n\n<p>Parab\u00e9ns a Associa\u00e7\u00e3o M\u00e9dica de Cascavel por mais de meio s\u00e9culo buscando a integra\u00e7\u00e3o de toda classe. Parab\u00e9ns voc\u00ea que \u00e9 associado e fortalece nossa entidade. <br><br>Confira\u00a0 neste domingo (8) a  galeria de fotos dos presentes nesta noite especial!<\/p>\n\n\n\n<figure class=\"wp-block-gallery has-nested-images columns-default is-cropped wp-block-gallery-1 is-layout-flex wp-block-gallery-is-layout-flex\">\n<figure class=\"wp-block-image size-large\"><img loading=\"lazy\" decoding=\"async\" width=\"1024\" height=\"690\" data-id=\"3167\" src=\"https:\/\/associacaomedicacascavel.com\/wp-content\/uploads\/2024\/12\/MEMBROS-DA-AMC-NO-LANCAMENTO-DO-LIVRO--1024x690.jpg\" alt=\"\" class=\"wp-image-3167\" loading=\"lazy\" srcset=\"https:\/\/associacaomedicacascavel.com\/wp-content\/uploads\/2024\/12\/MEMBROS-DA-AMC-NO-LANCAMENTO-DO-LIVRO--1024x690.jpg 1024w, https:\/\/associacaomedicacascavel.com\/wp-content\/uploads\/2024\/12\/MEMBROS-DA-AMC-NO-LANCAMENTO-DO-LIVRO--300x202.jpg 300w, https:\/\/associacaomedicacascavel.com\/wp-content\/uploads\/2024\/12\/MEMBROS-DA-AMC-NO-LANCAMENTO-DO-LIVRO--768x518.jpg 768w, https:\/\/associacaomedicacascavel.com\/wp-content\/uploads\/2024\/12\/MEMBROS-DA-AMC-NO-LANCAMENTO-DO-LIVRO--1536x1036.jpg 1536w, https:\/\/associacaomedicacascavel.com\/wp-content\/uploads\/2024\/12\/MEMBROS-DA-AMC-NO-LANCAMENTO-DO-LIVRO--2048x1381.jpg 2048w\" sizes=\"auto, (max-width: 1024px) 100vw, 1024px\" \/><\/figure>\n<\/figure>\n\n\n\n<figure class=\"wp-block-image size-full\"><img loading=\"lazy\" decoding=\"async\" width=\"612\" height=\"649\" src=\"https:\/\/associacaomedicacascavel.com\/wp-content\/uploads\/2024\/12\/Presidentes.jpg\" alt=\"\" class=\"wp-image-3156\" loading=\"lazy\" srcset=\"https:\/\/associacaomedicacascavel.com\/wp-content\/uploads\/2024\/12\/Presidentes.jpg 612w, https:\/\/associacaomedicacascavel.com\/wp-content\/uploads\/2024\/12\/Presidentes-283x300.jpg 283w\" sizes=\"auto, (max-width: 612px) 100vw, 612px\" \/><\/figure>\n<\/body>","protected":false},"excerpt":{"rendered":"<p>Na noite de ontem (05), a sede da AMC, viveu um momento muito importante. Aconteceu o lan\u00e7amento do livro, Nossa Hist\u00f3ria \u2013 55 anos da Associa\u00e7\u00e3o M\u00e9dica de Cascavel.\u00a0 A obra \u00e9 mais um registro do tempo passado para os tempos presente e futuro da Medicina de Cascavel e Regi\u00e3o Oeste do Paran\u00e1. Os textos [&hellip;]<\/p>\n","protected":false},"author":4,"featured_media":3155,"comment_status":"open","ping_status":"open","sticky":false,"template":"","format":"standard","meta":{"footnotes":""},"categories":[5,4],"tags":[],"class_list":["post-3154","post","type-post","status-publish","format-standard","has-post-thumbnail","hentry","category-eventos","category-noticias"],"_links":{"self":[{"href":"https:\/\/associacaomedicacascavel.com\/index.php\/wp-json\/wp\/v2\/posts\/3154","targetHints":{"allow":["GET"]}}],"collection":[{"href":"https:\/\/associacaomedicacascavel.com\/index.php\/wp-json\/wp\/v2\/posts"}],"about":[{"href":"https:\/\/associacaomedicacascavel.com\/index.php\/wp-json\/wp\/v2\/types\/post"}],"author":[{"embeddable":true,"href":"https:\/\/associacaomedicacascavel.com\/index.php\/wp-json\/wp\/v2\/users\/4"}],"replies":[{"embeddable":true,"href":"https:\/\/associacaomedicacascavel.com\/index.php\/wp-json\/wp\/v2\/comments?post=3154"}],"version-history":[{"count":3,"href":"https:\/\/associacaomedicacascavel.com\/index.php\/wp-json\/wp\/v2\/posts\/3154\/revisions"}],"predecessor-version":[{"id":3169,"href":"https:\/\/associacaomedicacascavel.com\/index.php\/wp-json\/wp\/v2\/posts\/3154\/revisions\/3169"}],"wp:featuredmedia":[{"embeddable":true,"href":"https:\/\/associacaomedicacascavel.com\/index.php\/wp-json\/wp\/v2\/media\/3155"}],"wp:attachment":[{"href":"https:\/\/associacaomedicacascavel.com\/index.php\/wp-json\/wp\/v2\/media?parent=3154"}],"wp:term":[{"taxonomy":"category","embeddable":true,"href":"https:\/\/associacaomedicacascavel.com\/index.php\/wp-json\/wp\/v2\/categories?post=3154"},{"taxonomy":"post_tag","embeddable":true,"href":"https:\/\/associacaomedicacascavel.com\/index.php\/wp-json\/wp\/v2\/tags?post=3154"}],"curies":[{"name":"wp","href":"https:\/\/api.w.org\/{rel}","templated":true}]}}