{"id":3158,"date":"2024-12-08T10:00:00","date_gmt":"2024-12-08T13:00:00","guid":{"rendered":"https:\/\/associacaomedicacascavel.com\/?p=3158"},"modified":"2024-12-09T07:52:39","modified_gmt":"2024-12-09T10:52:39","slug":"nossa-historia-55-anos-da-associacao-medica-de-cascavel-2","status":"publish","type":"post","link":"https:\/\/associacaomedicacascavel.com\/index.php\/2024\/12\/08\/nossa-historia-55-anos-da-associacao-medica-de-cascavel-2\/","title":{"rendered":"Nossa Hist\u00f3ria \u2013 55 anos da Associa\u00e7\u00e3o M\u00e9dica de Cascavel"},"content":{"rendered":"<body>\n<p>A noite de quinta-feira (05), foi marcada pelo congra\u00e7amento m\u00e9dico em torno do livro comemorativo aos 55 anos da AMC.\u00a0<\/p>\n\n\n\n<p>A obra \u00e9 mais um registro do tempo passado para os tempos presente e futuro da Medicina de Cascavel e Regi\u00e3o Oeste do Paran\u00e1.\u00a0<\/p>\n\n\n\n<p>Com textos e entrevistas da jornalista T\u00e2nia Moraes, tem a revis\u00e3o e edi\u00e7\u00e3o do m\u00e9dico Dr. Marcio Couto, membro da diretoria da Associa\u00e7\u00e3o M\u00e9dica de Cascavel.<\/p>\n\n\n\n<p>Para o presidente da AMC, Dr. Cristiano Mroginski,\u00a0 \u201c Manter acesa a chama do associativismo e da coopera\u00e7\u00e3o entre colegas m\u00e9dicos e comunidade \u00e9 fundamental. Por tudo isso momentos como este s\u00e3o necess\u00e1rios\u201d, finaliza.<\/p>\n\n\n\n<p>Confira as fotos!<\/p>\n\n\n\n<figure class=\"wp-block-image size-full\"><img loading=\"lazy\" decoding=\"async\" width=\"1024\" height=\"700\" src=\"http:\/\/associacaomedicacascavel.com\/wp-content\/uploads\/2024\/12\/page-1.jpg\" alt=\"\" class=\"wp-image-3165\" loading=\"lazy\" srcset=\"https:\/\/associacaomedicacascavel.com\/wp-content\/uploads\/2024\/12\/page-1.jpg 1024w, https:\/\/associacaomedicacascavel.com\/wp-content\/uploads\/2024\/12\/page-1-300x205.jpg 300w, https:\/\/associacaomedicacascavel.com\/wp-content\/uploads\/2024\/12\/page-1-768x525.jpg 768w\" sizes=\"auto, (max-width: 1024px) 100vw, 1024px\" \/><\/figure>\n\n\n\n<figure class=\"wp-block-image size-full\"><img loading=\"lazy\" decoding=\"async\" width=\"1024\" height=\"700\" src=\"http:\/\/associacaomedicacascavel.com\/wp-content\/uploads\/2024\/12\/page-3.jpg\" alt=\"\" class=\"wp-image-3160\" loading=\"lazy\" srcset=\"https:\/\/associacaomedicacascavel.com\/wp-content\/uploads\/2024\/12\/page-3.jpg 1024w, https:\/\/associacaomedicacascavel.com\/wp-content\/uploads\/2024\/12\/page-3-300x205.jpg 300w, https:\/\/associacaomedicacascavel.com\/wp-content\/uploads\/2024\/12\/page-3-768x525.jpg 768w\" sizes=\"auto, (max-width: 1024px) 100vw, 1024px\" \/><\/figure>\n\n\n\n<figure class=\"wp-block-image size-full\"><img loading=\"lazy\" decoding=\"async\" width=\"821\" height=\"637\" src=\"http:\/\/associacaomedicacascavel.com\/wp-content\/uploads\/2024\/12\/page-6.jpg\" alt=\"\" class=\"wp-image-3162\" loading=\"lazy\" srcset=\"https:\/\/associacaomedicacascavel.com\/wp-content\/uploads\/2024\/12\/page-6.jpg 821w, https:\/\/associacaomedicacascavel.com\/wp-content\/uploads\/2024\/12\/page-6-300x233.jpg 300w, https:\/\/associacaomedicacascavel.com\/wp-content\/uploads\/2024\/12\/page-6-768x596.jpg 768w\" sizes=\"auto, (max-width: 821px) 100vw, 821px\" \/><\/figure>\n\n\n\n<figure class=\"wp-block-image size-full\"><img loading=\"lazy\" decoding=\"async\" width=\"1024\" height=\"800\" src=\"http:\/\/associacaomedicacascavel.com\/wp-content\/uploads\/2024\/12\/page-4.jpg\" alt=\"\" class=\"wp-image-3163\" loading=\"lazy\" srcset=\"https:\/\/associacaomedicacascavel.com\/wp-content\/uploads\/2024\/12\/page-4.jpg 1024w, https:\/\/associacaomedicacascavel.com\/wp-content\/uploads\/2024\/12\/page-4-300x234.jpg 300w, https:\/\/associacaomedicacascavel.com\/wp-content\/uploads\/2024\/12\/page-4-768x600.jpg 768w\" sizes=\"auto, (max-width: 1024px) 100vw, 1024px\" \/><\/figure>\n\n\n\n<figure class=\"wp-block-image size-full\"><img loading=\"lazy\" decoding=\"async\" width=\"1024\" height=\"800\" src=\"http:\/\/associacaomedicacascavel.com\/wp-content\/uploads\/2024\/12\/page-5.jpg\" alt=\"\" class=\"wp-image-3164\" loading=\"lazy\" srcset=\"https:\/\/associacaomedicacascavel.com\/wp-content\/uploads\/2024\/12\/page-5.jpg 1024w, https:\/\/associacaomedicacascavel.com\/wp-content\/uploads\/2024\/12\/page-5-300x234.jpg 300w, https:\/\/associacaomedicacascavel.com\/wp-content\/uploads\/2024\/12\/page-5-768x600.jpg 768w\" sizes=\"auto, (max-width: 1024px) 100vw, 1024px\" \/><\/figure>\n\n\n\n<figure class=\"wp-block-image size-full\"><img loading=\"lazy\" decoding=\"async\" width=\"1024\" height=\"700\" src=\"http:\/\/associacaomedicacascavel.com\/wp-content\/uploads\/2024\/12\/page-2.jpg\" alt=\"\" class=\"wp-image-3161\" loading=\"lazy\" srcset=\"https:\/\/associacaomedicacascavel.com\/wp-content\/uploads\/2024\/12\/page-2.jpg 1024w, https:\/\/associacaomedicacascavel.com\/wp-content\/uploads\/2024\/12\/page-2-300x205.jpg 300w, https:\/\/associacaomedicacascavel.com\/wp-content\/uploads\/2024\/12\/page-2-768x525.jpg 768w\" sizes=\"auto, (max-width: 1024px) 100vw, 1024px\" \/><\/figure>\n\n\n\n<figure class=\"wp-block-image size-full\"><img loading=\"lazy\" decoding=\"async\" width=\"1024\" height=\"800\" src=\"http:\/\/associacaomedicacascavel.com\/wp-content\/uploads\/2024\/12\/page-7.jpg\" alt=\"\" class=\"wp-image-3159\" loading=\"lazy\" srcset=\"https:\/\/associacaomedicacascavel.com\/wp-content\/uploads\/2024\/12\/page-7.jpg 1024w, https:\/\/associacaomedicacascavel.com\/wp-content\/uploads\/2024\/12\/page-7-300x234.jpg 300w, https:\/\/associacaomedicacascavel.com\/wp-content\/uploads\/2024\/12\/page-7-768x600.jpg 768w\" sizes=\"auto, (max-width: 1024px) 100vw, 1024px\" \/><\/figure>\n\n\n\n<p><\/p>\n<\/body>","protected":false},"excerpt":{"rendered":"<p>A noite de quinta-feira (05), foi marcada pelo congra\u00e7amento m\u00e9dico em torno do livro comemorativo aos 55 anos da AMC.\u00a0 A obra \u00e9 mais um registro do tempo passado para os tempos presente e futuro da Medicina de Cascavel e Regi\u00e3o Oeste do Paran\u00e1.\u00a0 Com textos e entrevistas da jornalista T\u00e2nia Moraes, tem a revis\u00e3o [&hellip;]<\/p>\n","protected":false},"author":4,"featured_media":0,"comment_status":"open","ping_status":"open","sticky":false,"template":"","format":"standard","meta":{"footnotes":""},"categories":[5,4],"tags":[],"class_list":["post-3158","post","type-post","status-publish","format-standard","hentry","category-eventos","category-noticias"],"_links":{"self":[{"href":"https:\/\/associacaomedicacascavel.com\/index.php\/wp-json\/wp\/v2\/posts\/3158","targetHints":{"allow":["GET"]}}],"collection":[{"href":"https:\/\/associacaomedicacascavel.com\/index.php\/wp-json\/wp\/v2\/posts"}],"about":[{"href":"https:\/\/associacaomedicacascavel.com\/index.php\/wp-json\/wp\/v2\/types\/post"}],"author":[{"embeddable":true,"href":"https:\/\/associacaomedicacascavel.com\/index.php\/wp-json\/wp\/v2\/users\/4"}],"replies":[{"embeddable":true,"href":"https:\/\/associacaomedicacascavel.com\/index.php\/wp-json\/wp\/v2\/comments?post=3158"}],"version-history":[{"count":1,"href":"https:\/\/associacaomedicacascavel.com\/index.php\/wp-json\/wp\/v2\/posts\/3158\/revisions"}],"predecessor-version":[{"id":3166,"href":"https:\/\/associacaomedicacascavel.com\/index.php\/wp-json\/wp\/v2\/posts\/3158\/revisions\/3166"}],"wp:attachment":[{"href":"https:\/\/associacaomedicacascavel.com\/index.php\/wp-json\/wp\/v2\/media?parent=3158"}],"wp:term":[{"taxonomy":"category","embeddable":true,"href":"https:\/\/associacaomedicacascavel.com\/index.php\/wp-json\/wp\/v2\/categories?post=3158"},{"taxonomy":"post_tag","embeddable":true,"href":"https:\/\/associacaomedicacascavel.com\/index.php\/wp-json\/wp\/v2\/tags?post=3158"}],"curies":[{"name":"wp","href":"https:\/\/api.w.org\/{rel}","templated":true}]}}