{"id":3242,"date":"2025-03-17T16:32:15","date_gmt":"2025-03-17T19:32:15","guid":{"rendered":"https:\/\/associacaomedicacascavel.com\/?p=3242"},"modified":"2025-03-17T16:34:01","modified_gmt":"2025-03-17T19:34:01","slug":"cascavel-recebe-a-jornada-da-sociedade-brasileira-de-quadril-sbq-parana","status":"publish","type":"post","link":"https:\/\/associacaomedicacascavel.com\/index.php\/2025\/03\/17\/cascavel-recebe-a-jornada-da-sociedade-brasileira-de-quadril-sbq-parana\/","title":{"rendered":"Cascavel recebe a Jornada da Sociedade Brasileira de Quadril\/SBQ \u2013 Paran\u00e1"},"content":{"rendered":"<body>\n<p>No s\u00e1bado (15), Cascavel foi sede de importante evento m\u00e9dico, na Jornada da Sociedade Brasileira de Quadril \u2013 Paran\u00e1. Um evento que reuniu m\u00e9dicos de diversas cidades do paran\u00e1 e do Brasil.<\/p>\n\n\n\n<p>O Tema do encontro foi: Artroplastia total de quadril \u2013 Rob\u00f3tica\/ Trauma de F\u00eamur Proximal. Os convidados especiais foram os m\u00e9dicos Dr. Marcos Giordano e Dr. Osvaldo Nunes Pires.<\/p>\n\n\n\n<p>O m\u00e9dico ortopedista da \u00e1rea de quadril,\u00a0 Dr. Pedro Paulo Verona Percio, explica que este \u00e9 o primeiro encontro deste ano e esclarece: \u201cA cidade de Cascavel foi a escolhida para sediar este primeiro encontro, e traz m\u00e9dicos de diversas cidades do Paran\u00e1\u201d, finaliza.<\/p>\n\n\n\n<p>Tamb\u00e9m esteve presente no encontro o m\u00e9dico presidente da Sociedade Brasileira de Quadril \u2013 Regional Paran\u00e1, o m\u00e9dico Dr.Walter Taki, que destaca: \u201c Este evento marca o in\u00edcio das nossa reuni\u00f5es, que tem como objetivo promover e difundir conhecimentos, e para isso temos v\u00e1rios convidados, como por exemplo: S\u00e3o Paulo e Rio de Janeiro. Neste contexto s\u00e3o v\u00e1rias discu\u00e7\u00f5es, como:\u00a0 casos cl\u00ednicos, novas tecnologias e isso tende a fortalecer cada vez mais a ortopedia e cirurgia do quadril para todos os m\u00e9dicos aqui presentes, al\u00e9m da confraterniza\u00e7\u00e3o o que fortalece ainda mais nossa sociedade\u201d explica Dr. Taki.<\/p>\n<\/body>","protected":false},"excerpt":{"rendered":"<p>No s\u00e1bado (15), Cascavel foi sede de importante evento m\u00e9dico, na Jornada da Sociedade Brasileira de Quadril \u2013 Paran\u00e1. Um evento que reuniu m\u00e9dicos de diversas cidades do paran\u00e1 e do Brasil. O Tema do encontro foi: Artroplastia total de quadril \u2013 Rob\u00f3tica\/ Trauma de F\u00eamur Proximal. Os convidados especiais foram os m\u00e9dicos Dr. Marcos [&hellip;]<\/p>\n","protected":false},"author":4,"featured_media":3244,"comment_status":"open","ping_status":"open","sticky":false,"template":"","format":"standard","meta":{"footnotes":""},"categories":[4,1],"tags":[],"class_list":["post-3242","post","type-post","status-publish","format-standard","has-post-thumbnail","hentry","category-noticias","category-uncategorized"],"_links":{"self":[{"href":"https:\/\/associacaomedicacascavel.com\/index.php\/wp-json\/wp\/v2\/posts\/3242","targetHints":{"allow":["GET"]}}],"collection":[{"href":"https:\/\/associacaomedicacascavel.com\/index.php\/wp-json\/wp\/v2\/posts"}],"about":[{"href":"https:\/\/associacaomedicacascavel.com\/index.php\/wp-json\/wp\/v2\/types\/post"}],"author":[{"embeddable":true,"href":"https:\/\/associacaomedicacascavel.com\/index.php\/wp-json\/wp\/v2\/users\/4"}],"replies":[{"embeddable":true,"href":"https:\/\/associacaomedicacascavel.com\/index.php\/wp-json\/wp\/v2\/comments?post=3242"}],"version-history":[{"count":1,"href":"https:\/\/associacaomedicacascavel.com\/index.php\/wp-json\/wp\/v2\/posts\/3242\/revisions"}],"predecessor-version":[{"id":3245,"href":"https:\/\/associacaomedicacascavel.com\/index.php\/wp-json\/wp\/v2\/posts\/3242\/revisions\/3245"}],"wp:featuredmedia":[{"embeddable":true,"href":"https:\/\/associacaomedicacascavel.com\/index.php\/wp-json\/wp\/v2\/media\/3244"}],"wp:attachment":[{"href":"https:\/\/associacaomedicacascavel.com\/index.php\/wp-json\/wp\/v2\/media?parent=3242"}],"wp:term":[{"taxonomy":"category","embeddable":true,"href":"https:\/\/associacaomedicacascavel.com\/index.php\/wp-json\/wp\/v2\/categories?post=3242"},{"taxonomy":"post_tag","embeddable":true,"href":"https:\/\/associacaomedicacascavel.com\/index.php\/wp-json\/wp\/v2\/tags?post=3242"}],"curies":[{"name":"wp","href":"https:\/\/api.w.org\/{rel}","templated":true}]}}