{"id":3291,"date":"2025-05-26T17:13:33","date_gmt":"2025-05-26T20:13:33","guid":{"rendered":"https:\/\/associacaomedicacascavel.com\/?p=3291"},"modified":"2025-05-26T17:23:41","modified_gmt":"2025-05-26T20:23:41","slug":"retro-fest-uma-noite-inesquecivel-com-musica-e-diversao","status":"publish","type":"post","link":"https:\/\/associacaomedicacascavel.com\/index.php\/2025\/05\/26\/retro-fest-uma-noite-inesquecivel-com-musica-e-diversao\/","title":{"rendered":"Retr\u00f4 Fest: Uma noite inesquec\u00edvel com m\u00fasica e divers\u00e3o!"},"content":{"rendered":"<body>\n<p><\/p>\n\n\n\n<p>No \u00faltimo s\u00e1bado (24), o Departamento de Esportes da Associa\u00e7\u00e3o M\u00e9dica de Cascavel promoveu a 2\u00aa edi\u00e7\u00e3o da Retr\u00f4 Fest, um evento que agitou Cascavel com muita m\u00fasica e nostalgia!<\/p>\n\n\n\n<p>O p\u00fablico curtiu show ao vivo com a melhor sele\u00e7\u00e3o de Pop Rock Nacional, com Edy Vieira e Banda, animando a todos com grandes sucessos. E para completar a noite, o DJ Regis Herera trouxe aquele flashback eletrizante das d\u00e9cadas de 70, 80 e 90, fazendo todo mundo dan\u00e7ar e reviver cl\u00e1ssicos inesquec\u00edveis.<\/p>\n\n\n\n<p>Foi uma celebra\u00e7\u00e3o imperd\u00edvel, cheia de energia e boas vibra\u00e7\u00f5es! Agradecemos a todos que participaram e tornaram esse momento ainda mais especial.<\/p>\n\n\n\n<p>Fiquem de olho nas pr\u00f3ximas a\u00e7\u00f5es da AMC \u2013 sempre trazendo eventos incr\u00edveis para nossa comunidade!<\/p>\n\n\n\n<figure class=\"wp-block-gallery has-nested-images columns-default is-cropped wp-block-gallery-1 is-layout-flex wp-block-gallery-is-layout-flex\">\n<figure class=\"wp-block-image size-large\"><img loading=\"lazy\" decoding=\"async\" width=\"1024\" height=\"684\" data-id=\"3298\" src=\"https:\/\/associacaomedicacascavel.com\/wp-content\/uploads\/2025\/05\/DSC_5118-1-2-1024x684.jpg\" alt=\"\" class=\"wp-image-3298\" loading=\"lazy\" srcset=\"https:\/\/associacaomedicacascavel.com\/wp-content\/uploads\/2025\/05\/DSC_5118-1-2-1024x684.jpg 1024w, https:\/\/associacaomedicacascavel.com\/wp-content\/uploads\/2025\/05\/DSC_5118-1-2-300x200.jpg 300w, https:\/\/associacaomedicacascavel.com\/wp-content\/uploads\/2025\/05\/DSC_5118-1-2-768x513.jpg 768w, https:\/\/associacaomedicacascavel.com\/wp-content\/uploads\/2025\/05\/DSC_5118-1-2-1536x1025.jpg 1536w, https:\/\/associacaomedicacascavel.com\/wp-content\/uploads\/2025\/05\/DSC_5118-1-2-2048x1367.jpg 2048w\" sizes=\"auto, (max-width: 1024px) 100vw, 1024px\" \/><\/figure>\n\n\n\n<figure class=\"wp-block-image size-large\"><img loading=\"lazy\" decoding=\"async\" width=\"1024\" height=\"655\" data-id=\"3299\" src=\"https:\/\/associacaomedicacascavel.com\/wp-content\/uploads\/2025\/05\/DSC_5126-1024x655.jpg\" alt=\"\" class=\"wp-image-3299\" loading=\"lazy\" srcset=\"https:\/\/associacaomedicacascavel.com\/wp-content\/uploads\/2025\/05\/DSC_5126-1024x655.jpg 1024w, https:\/\/associacaomedicacascavel.com\/wp-content\/uploads\/2025\/05\/DSC_5126-300x192.jpg 300w, https:\/\/associacaomedicacascavel.com\/wp-content\/uploads\/2025\/05\/DSC_5126-768x491.jpg 768w, https:\/\/associacaomedicacascavel.com\/wp-content\/uploads\/2025\/05\/DSC_5126-1536x983.jpg 1536w, https:\/\/associacaomedicacascavel.com\/wp-content\/uploads\/2025\/05\/DSC_5126-2048x1310.jpg 2048w\" sizes=\"auto, (max-width: 1024px) 100vw, 1024px\" \/><\/figure>\n\n\n\n<figure class=\"wp-block-image size-large\"><img loading=\"lazy\" decoding=\"async\" width=\"1024\" height=\"695\" data-id=\"3300\" src=\"https:\/\/associacaomedicacascavel.com\/wp-content\/uploads\/2025\/05\/DSC_5141-1-1024x695.jpg\" alt=\"\" class=\"wp-image-3300\" loading=\"lazy\" srcset=\"https:\/\/associacaomedicacascavel.com\/wp-content\/uploads\/2025\/05\/DSC_5141-1-1024x695.jpg 1024w, https:\/\/associacaomedicacascavel.com\/wp-content\/uploads\/2025\/05\/DSC_5141-1-300x204.jpg 300w, https:\/\/associacaomedicacascavel.com\/wp-content\/uploads\/2025\/05\/DSC_5141-1-768x521.jpg 768w, https:\/\/associacaomedicacascavel.com\/wp-content\/uploads\/2025\/05\/DSC_5141-1-1536x1043.jpg 1536w, https:\/\/associacaomedicacascavel.com\/wp-content\/uploads\/2025\/05\/DSC_5141-1-2048x1391.jpg 2048w\" sizes=\"auto, (max-width: 1024px) 100vw, 1024px\" \/><\/figure>\n<\/figure>\n\n\n\n<p><\/p>\n<\/body>","protected":false},"excerpt":{"rendered":"<p>No \u00faltimo s\u00e1bado (24), o Departamento de Esportes da Associa\u00e7\u00e3o M\u00e9dica de Cascavel promoveu a 2\u00aa edi\u00e7\u00e3o da Retr\u00f4 Fest, um evento que agitou Cascavel com muita m\u00fasica e nostalgia! O p\u00fablico curtiu show ao vivo com a melhor sele\u00e7\u00e3o de Pop Rock Nacional, com Edy Vieira e Banda, animando a todos com grandes sucessos. [&hellip;]<\/p>\n","protected":false},"author":4,"featured_media":3292,"comment_status":"open","ping_status":"open","sticky":false,"template":"","format":"standard","meta":{"footnotes":""},"categories":[5],"tags":[],"class_list":["post-3291","post","type-post","status-publish","format-standard","has-post-thumbnail","hentry","category-eventos"],"_links":{"self":[{"href":"https:\/\/associacaomedicacascavel.com\/index.php\/wp-json\/wp\/v2\/posts\/3291","targetHints":{"allow":["GET"]}}],"collection":[{"href":"https:\/\/associacaomedicacascavel.com\/index.php\/wp-json\/wp\/v2\/posts"}],"about":[{"href":"https:\/\/associacaomedicacascavel.com\/index.php\/wp-json\/wp\/v2\/types\/post"}],"author":[{"embeddable":true,"href":"https:\/\/associacaomedicacascavel.com\/index.php\/wp-json\/wp\/v2\/users\/4"}],"replies":[{"embeddable":true,"href":"https:\/\/associacaomedicacascavel.com\/index.php\/wp-json\/wp\/v2\/comments?post=3291"}],"version-history":[{"count":3,"href":"https:\/\/associacaomedicacascavel.com\/index.php\/wp-json\/wp\/v2\/posts\/3291\/revisions"}],"predecessor-version":[{"id":3294,"href":"https:\/\/associacaomedicacascavel.com\/index.php\/wp-json\/wp\/v2\/posts\/3291\/revisions\/3294"}],"wp:featuredmedia":[{"embeddable":true,"href":"https:\/\/associacaomedicacascavel.com\/index.php\/wp-json\/wp\/v2\/media\/3292"}],"wp:attachment":[{"href":"https:\/\/associacaomedicacascavel.com\/index.php\/wp-json\/wp\/v2\/media?parent=3291"}],"wp:term":[{"taxonomy":"category","embeddable":true,"href":"https:\/\/associacaomedicacascavel.com\/index.php\/wp-json\/wp\/v2\/categories?post=3291"},{"taxonomy":"post_tag","embeddable":true,"href":"https:\/\/associacaomedicacascavel.com\/index.php\/wp-json\/wp\/v2\/tags?post=3291"}],"curies":[{"name":"wp","href":"https:\/\/api.w.org\/{rel}","templated":true}]}}