{"id":3324,"date":"2025-07-18T14:16:11","date_gmt":"2025-07-18T17:16:11","guid":{"rendered":"https:\/\/associacaomedicacascavel.com\/?p=3324"},"modified":"2025-07-18T14:16:11","modified_gmt":"2025-07-18T17:16:11","slug":"feijoada-solidaria-da-amc-sabor-solidariedade-e-musica-em-um-evento-imperdivel","status":"publish","type":"post","link":"https:\/\/associacaomedicacascavel.com\/index.php\/2025\/07\/18\/feijoada-solidaria-da-amc-sabor-solidariedade-e-musica-em-um-evento-imperdivel\/","title":{"rendered":"Feijoada Solid\u00e1ria da AMC: Sabor, Solidariedade e M\u00fasica em um Evento Imperd\u00edvel"},"content":{"rendered":"<body>\n<p><strong>Data: 2 de agosto | Hor\u00e1rio: a partir das 11h30 | Local: Associa\u00e7\u00e3o M\u00e9dica de Cascavel<\/strong><\/p>\n\n\n\n<p><\/p>\n\n\n\n<p>A\u00a0<strong>Associa\u00e7\u00e3o M\u00e9dica de Cascavel (AMC)<\/strong>\u00a0convida a comunidade para a\u00a0<strong>Feijoada Solid\u00e1ria<\/strong>, um evento que une gastronomia, m\u00fasica e solidariedade em uma manh\u00e3 inesquec\u00edvel. No dia\u00a0<strong>2 de agosto<\/strong>, a partir das\u00a0<strong>11h30<\/strong>, o sal\u00e3o da AMC ser\u00e1 palco de uma celebra\u00e7\u00e3o repleta de sabor e anima\u00e7\u00e3o, com o melhor da culin\u00e1ria brasileira e o talento do renomado m\u00fasico\u00a0<strong>Edy Vieira<\/strong>, que garantir\u00e1 um clima vibrante com seus sucessos consagrados.<\/p>\n\n\n\n<h3 class=\"wp-block-heading\"><strong>Um Evento Para Todos os Sentidos<\/strong><\/h3>\n\n\n\n<p>Al\u00e9m de degustar uma\u00a0<strong>aut\u00eantica feijoada<\/strong>, preparada com todo cuidado, os participantes estar\u00e3o contribuindo com uma\u00a0<strong>causa nobre<\/strong>, refor\u00e7ando o compromisso da AMC com a\u00e7\u00f5es sociais. E para completar a experi\u00eancia, a apresenta\u00e7\u00e3o ao vivo de\u00a0<strong>Edy Vieira<\/strong>\u00a0promete agradar a todos os gostos, transformando o almo\u00e7o em uma verdadeira festa.<\/p>\n\n\n\n<h3 class=\"wp-block-heading\"><strong>Garanta Seu Ingresso!<\/strong><\/h3>\n\n\n\n<p>Os ingressos j\u00e1 est\u00e3o dispon\u00edveis e podem ser adquiridos atrav\u00e9s dos seguintes canais:<\/p>\n\n\n\n<ul class=\"wp-block-list\">\n<li><strong>Secretaria da AMC<\/strong><\/li>\n\n\n\n<li><strong>WhatsApp:<\/strong>\u00a0(45) 99921-0298<\/li>\n<\/ul>\n\n\n\n<p>N\u00e3o perca a oportunidade de viver uma experi\u00eancia gastron\u00f4mica e cultural \u00fanica, ao lado de familiares e amigos.\u00a0<strong>Vagas limitadas!<\/strong><\/p>\n\n\n\n<h3 class=\"wp-block-heading\"><strong>Agradecimento Especial aos Nossos Patrocinadores<\/strong><\/h3>\n\n\n\n<p>Este evento s\u00f3 \u00e9 poss\u00edvel gra\u00e7as ao valioso apoio de nossos parceiros, que acreditam na uni\u00e3o entre\u00a0<strong>sabor, solidariedade e entretenimento<\/strong>. Nossos sinceros agradecimentos a:<\/p>\n\n\n\n<ul class=\"wp-block-list\">\n<li><strong>Audi<\/strong><\/li>\n\n\n\n<li><strong>Catuai Shopping Cascavel<\/strong><\/li>\n\n\n\n<li><strong>Ceonc<\/strong><\/li>\n\n\n\n<li><strong>Cl\u00ednica Unitom<\/strong><\/li>\n\n\n\n<li><strong>Farm\u00e1cia Estrela Manipula\u00e7\u00e3o<\/strong><\/li>\n\n\n\n<li><strong>Farm\u00e1cias Estrelas<\/strong><\/li>\n\n\n\n<li><strong>FD Empreendimentos<\/strong><\/li>\n\n\n\n<li><strong>Fipal Cons\u00f3rcio<\/strong><\/li>\n\n\n\n<li><strong>Hospital de Olhos de Cascavel<\/strong><\/li>\n\n\n\n<li><strong>Hospital Genesis<\/strong><\/li>\n\n\n\n<li><strong>Instituto KCO Viegas<\/strong><\/li>\n\n\n\n<li><strong>Irani Supermercados<\/strong><\/li>\n\n\n\n<li><strong>Issad<\/strong><\/li>\n\n\n\n<li><strong>Lorenzo Contabilidade<\/strong><\/li>\n\n\n\n<li><strong>Lupatini<\/strong><\/li>\n\n\n\n<li><strong>Midlab<\/strong><\/li>\n\n\n\n<li><strong>Otavio Garcia<\/strong><\/li>\n\n\n\n<li><strong>Pr\u00f3 Cardio<\/strong><\/li>\n\n\n\n<li><strong>Sindhesop<\/strong><\/li>\n\n\n\n<li><strong>Sisprime Unimed Cascavel<\/strong><\/li>\n\n\n\n<li><strong>Volvo<\/strong><\/li>\n\n\n\n<li><strong>Smart Dom Consult\u00f3rios Inteligentes<\/strong><\/li>\n<\/ul>\n\n\n\n<p>Juntos, constru\u00edmos um evento que vai muito al\u00e9m da gastronomia \u2013 \u00e9 um momento de\u00a0<strong>comunh\u00e3o, divers\u00e3o e impacto social<\/strong>.<\/p>\n\n\n\n<p><strong>Participe, saboreie e celebre conosco!<\/strong><\/p>\n\n\n\n<p><em>Associa\u00e7\u00e3o M\u00e9dica de Cascavel \u2013 Promovendo sa\u00fade, cultura e solidariedade.<\/em><\/p>\n<\/body>","protected":false},"excerpt":{"rendered":"<p>Data: 2 de agosto | Hor\u00e1rio: a partir das 11h30 | Local: Associa\u00e7\u00e3o M\u00e9dica de Cascavel A\u00a0Associa\u00e7\u00e3o M\u00e9dica de Cascavel (AMC)\u00a0convida a comunidade para a\u00a0Feijoada Solid\u00e1ria, um evento que une gastronomia, m\u00fasica e solidariedade em uma manh\u00e3 inesquec\u00edvel. No dia\u00a02 de agosto, a partir das\u00a011h30, o sal\u00e3o da AMC ser\u00e1 palco de uma celebra\u00e7\u00e3o repleta [&hellip;]<\/p>\n","protected":false},"author":4,"featured_media":3325,"comment_status":"open","ping_status":"open","sticky":false,"template":"","format":"standard","meta":{"footnotes":""},"categories":[5],"tags":[],"class_list":["post-3324","post","type-post","status-publish","format-standard","has-post-thumbnail","hentry","category-eventos"],"_links":{"self":[{"href":"https:\/\/associacaomedicacascavel.com\/index.php\/wp-json\/wp\/v2\/posts\/3324","targetHints":{"allow":["GET"]}}],"collection":[{"href":"https:\/\/associacaomedicacascavel.com\/index.php\/wp-json\/wp\/v2\/posts"}],"about":[{"href":"https:\/\/associacaomedicacascavel.com\/index.php\/wp-json\/wp\/v2\/types\/post"}],"author":[{"embeddable":true,"href":"https:\/\/associacaomedicacascavel.com\/index.php\/wp-json\/wp\/v2\/users\/4"}],"replies":[{"embeddable":true,"href":"https:\/\/associacaomedicacascavel.com\/index.php\/wp-json\/wp\/v2\/comments?post=3324"}],"version-history":[{"count":1,"href":"https:\/\/associacaomedicacascavel.com\/index.php\/wp-json\/wp\/v2\/posts\/3324\/revisions"}],"predecessor-version":[{"id":3326,"href":"https:\/\/associacaomedicacascavel.com\/index.php\/wp-json\/wp\/v2\/posts\/3324\/revisions\/3326"}],"wp:featuredmedia":[{"embeddable":true,"href":"https:\/\/associacaomedicacascavel.com\/index.php\/wp-json\/wp\/v2\/media\/3325"}],"wp:attachment":[{"href":"https:\/\/associacaomedicacascavel.com\/index.php\/wp-json\/wp\/v2\/media?parent=3324"}],"wp:term":[{"taxonomy":"category","embeddable":true,"href":"https:\/\/associacaomedicacascavel.com\/index.php\/wp-json\/wp\/v2\/categories?post=3324"},{"taxonomy":"post_tag","embeddable":true,"href":"https:\/\/associacaomedicacascavel.com\/index.php\/wp-json\/wp\/v2\/tags?post=3324"}],"curies":[{"name":"wp","href":"https:\/\/api.w.org\/{rel}","templated":true}]}}