{"id":3360,"date":"2025-08-26T19:08:45","date_gmt":"2025-08-26T22:08:45","guid":{"rendered":"https:\/\/associacaomedicacascavel.com\/?p=3360"},"modified":"2025-08-26T19:08:45","modified_gmt":"2025-08-26T22:08:45","slug":"amc-na-campanha-de-doacao-de-fraldas-geriatricas","status":"publish","type":"post","link":"https:\/\/associacaomedicacascavel.com\/index.php\/2025\/08\/26\/amc-na-campanha-de-doacao-de-fraldas-geriatricas\/","title":{"rendered":"AMC na Campanha de Doa\u00e7\u00e3o de Fraldas Geri\u00e1tricas"},"content":{"rendered":"<body>\n<p><\/p>\n\n\n\n<p>Com alegria de poder colaborar sempre, a Associa\u00e7\u00e3o M\u00e9dica de Cascavel, adere a campanha do Sisprime Brasil em promover a campanha de doa\u00e7\u00e3o de fraldas geri\u00e1tricas.<\/p>\n\n\n\n<p>Esta j\u00e1 \u00e9 a 14\u00aa edi\u00e7\u00e3o da campanha que beneficia aqueles que mais necessitam e vai at\u00e9 o dia 31\/08.<\/p>\n\n\n\n<p>Para doar \u00e9 s\u00f3 trazer os pacotes de fralda na Associa\u00e7\u00e3o M\u00e9dica de Cascavel.<br>Ajudar o pr\u00f3ximo s\u00f3 faz bem, contamos com voc\u00ea!<\/p>\n<\/body>","protected":false},"excerpt":{"rendered":"<p>Com alegria de poder colaborar sempre, a Associa\u00e7\u00e3o M\u00e9dica de Cascavel, adere a campanha do Sisprime Brasil em promover a campanha de doa\u00e7\u00e3o de fraldas geri\u00e1tricas. Esta j\u00e1 \u00e9 a 14\u00aa edi\u00e7\u00e3o da campanha que beneficia aqueles que mais necessitam e vai at\u00e9 o dia 31\/08. Para doar \u00e9 s\u00f3 trazer os pacotes de fralda [&hellip;]<\/p>\n","protected":false},"author":4,"featured_media":3361,"comment_status":"open","ping_status":"open","sticky":false,"template":"","format":"standard","meta":{"footnotes":""},"categories":[4],"tags":[],"class_list":["post-3360","post","type-post","status-publish","format-standard","has-post-thumbnail","hentry","category-noticias"],"_links":{"self":[{"href":"https:\/\/associacaomedicacascavel.com\/index.php\/wp-json\/wp\/v2\/posts\/3360","targetHints":{"allow":["GET"]}}],"collection":[{"href":"https:\/\/associacaomedicacascavel.com\/index.php\/wp-json\/wp\/v2\/posts"}],"about":[{"href":"https:\/\/associacaomedicacascavel.com\/index.php\/wp-json\/wp\/v2\/types\/post"}],"author":[{"embeddable":true,"href":"https:\/\/associacaomedicacascavel.com\/index.php\/wp-json\/wp\/v2\/users\/4"}],"replies":[{"embeddable":true,"href":"https:\/\/associacaomedicacascavel.com\/index.php\/wp-json\/wp\/v2\/comments?post=3360"}],"version-history":[{"count":1,"href":"https:\/\/associacaomedicacascavel.com\/index.php\/wp-json\/wp\/v2\/posts\/3360\/revisions"}],"predecessor-version":[{"id":3362,"href":"https:\/\/associacaomedicacascavel.com\/index.php\/wp-json\/wp\/v2\/posts\/3360\/revisions\/3362"}],"wp:featuredmedia":[{"embeddable":true,"href":"https:\/\/associacaomedicacascavel.com\/index.php\/wp-json\/wp\/v2\/media\/3361"}],"wp:attachment":[{"href":"https:\/\/associacaomedicacascavel.com\/index.php\/wp-json\/wp\/v2\/media?parent=3360"}],"wp:term":[{"taxonomy":"category","embeddable":true,"href":"https:\/\/associacaomedicacascavel.com\/index.php\/wp-json\/wp\/v2\/categories?post=3360"},{"taxonomy":"post_tag","embeddable":true,"href":"https:\/\/associacaomedicacascavel.com\/index.php\/wp-json\/wp\/v2\/tags?post=3360"}],"curies":[{"name":"wp","href":"https:\/\/api.w.org\/{rel}","templated":true}]}}