{"id":3396,"date":"2025-11-10T16:46:44","date_gmt":"2025-11-10T19:46:44","guid":{"rendered":"https:\/\/associacaomedicacascavel.com\/?p=3396"},"modified":"2025-11-10T16:46:44","modified_gmt":"2025-11-10T19:46:44","slug":"amc-participa-de-evento-estrategico-sobre-o-futuro-da-saude-em-cascavel","status":"publish","type":"post","link":"https:\/\/associacaomedicacascavel.com\/index.php\/2025\/11\/10\/amc-participa-de-evento-estrategico-sobre-o-futuro-da-saude-em-cascavel\/","title":{"rendered":"AMC participa de evento estrat\u00e9gico sobre o futuro da sa\u00fade em Cascavel"},"content":{"rendered":"<body>\n<p>No dia 06 de novembro, a Associa\u00e7\u00e3o M\u00e9dica de Cascavel participou do Evento Tend\u00eancias CODESC: Sa\u00fade 2050, realizado na ACIC. O encontro reuniu representantes da \u00e1rea da sa\u00fade, empres\u00e1rios, acad\u00eamicos e gestores para debater cen\u00e1rios e tend\u00eancias que devem moldar o setor nas pr\u00f3ximas d\u00e9cadas.<\/p>\n\n\n\n<p>O painel apresentou reflex\u00f5es sobre temas emergentes, como intelig\u00eancia artificial aplicada \u00e0 medicina, uso de tecnologias com responsabilidade \u00e9tica e integra\u00e7\u00e3o entre sa\u00fade f\u00edsica, mental e cuidados humanizados. A proposta do evento foi fomentar um di\u00e1logo entre diferentes setores da sociedade sobre como se preparar para um futuro em que inova\u00e7\u00e3o e cuidado caminhem juntos.<\/p>\n\n\n\n<p>Representando a Associa\u00e7\u00e3o M\u00e9dica de Cascavel, estiveram presentes: Dr. Cesar Kawakami, diretor administrativo e financeiro da AMC e representante da C\u00e2mara da Sa\u00fade no CODESC. Os diretores da entidade destacam a import\u00e2ncia de a medicina participar ativamente das discuss\u00f5es sobre inova\u00e7\u00e3o, garantindo que a tecnologia seja utilizada para ampliar o acesso e qualificar o cuidado; Dr. Cristiano Mroginski, presidente da AMC, refor\u00e7ou que a entidade mant\u00e9m seu compromisso de acompanhar os movimentos de transforma\u00e7\u00e3o na \u00e1rea da sa\u00fade e de dar voz \u00e0s demandas dos profissionais m\u00e9dicos.<\/p>\n\n\n\n<p>A presen\u00e7a da AMC em encontros estrat\u00e9gicos como este reafirma o prop\u00f3sito da institui\u00e7\u00e3o de representar toda a classe m\u00e9dica, participar das decis\u00f5es que impactam o sistema de sa\u00fade e contribuir para o desenvolvimento de pol\u00edticas e projetos que beneficiem a popula\u00e7\u00e3o.<\/p>\n\n\n\n<p>Mais do que acompanhar tend\u00eancias, a Associa\u00e7\u00e3o M\u00e9dica de Cascavel busca atuar de forma ativa, colaborando para que o avan\u00e7o tecnol\u00f3gico seja acompanhado de responsabilidade social, \u00e9tica e valoriza\u00e7\u00e3o do cuidado integral ao paciente.<\/p>\n\n\n\n<p>Associa\u00e7\u00e3o M\u00e9dica de Cascavel \u2014 Medicina, \u00e9tica e inova\u00e7\u00e3o caminhando juntas.<\/p>\n\n\n\n<figure class=\"wp-block-image size-large\"><img loading=\"lazy\" decoding=\"async\" width=\"454\" height=\"1024\" src=\"https:\/\/associacaomedicacascavel.com\/wp-content\/uploads\/2025\/11\/Documento-A4-Jornal-Classico-Preto-e-Branco-454x1024.png\" alt=\"\" class=\"wp-image-3397\" loading=\"lazy\"><\/figure>\n\n\n\n<p><\/p>\n<\/body>","protected":false},"excerpt":{"rendered":"<p>No dia 06 de novembro, a Associa\u00e7\u00e3o M\u00e9dica de Cascavel participou do Evento Tend\u00eancias CODESC: Sa\u00fade 2050, realizado na ACIC. O encontro reuniu representantes da \u00e1rea da sa\u00fade, empres\u00e1rios, acad\u00eamicos e gestores para debater cen\u00e1rios e tend\u00eancias que devem moldar o setor nas pr\u00f3ximas d\u00e9cadas. O painel apresentou reflex\u00f5es sobre temas emergentes, como intelig\u00eancia artificial [&hellip;]<\/p>\n","protected":false},"author":4,"featured_media":3397,"comment_status":"open","ping_status":"open","sticky":false,"template":"","format":"standard","meta":{"footnotes":""},"categories":[29],"tags":[],"class_list":["post-3396","post","type-post","status-publish","format-standard","has-post-thumbnail","hentry","category-coluna"],"_links":{"self":[{"href":"https:\/\/associacaomedicacascavel.com\/index.php\/wp-json\/wp\/v2\/posts\/3396","targetHints":{"allow":["GET"]}}],"collection":[{"href":"https:\/\/associacaomedicacascavel.com\/index.php\/wp-json\/wp\/v2\/posts"}],"about":[{"href":"https:\/\/associacaomedicacascavel.com\/index.php\/wp-json\/wp\/v2\/types\/post"}],"author":[{"embeddable":true,"href":"https:\/\/associacaomedicacascavel.com\/index.php\/wp-json\/wp\/v2\/users\/4"}],"replies":[{"embeddable":true,"href":"https:\/\/associacaomedicacascavel.com\/index.php\/wp-json\/wp\/v2\/comments?post=3396"}],"version-history":[{"count":1,"href":"https:\/\/associacaomedicacascavel.com\/index.php\/wp-json\/wp\/v2\/posts\/3396\/revisions"}],"predecessor-version":[{"id":3398,"href":"https:\/\/associacaomedicacascavel.com\/index.php\/wp-json\/wp\/v2\/posts\/3396\/revisions\/3398"}],"wp:featuredmedia":[{"embeddable":true,"href":"https:\/\/associacaomedicacascavel.com\/index.php\/wp-json\/wp\/v2\/media\/3397"}],"wp:attachment":[{"href":"https:\/\/associacaomedicacascavel.com\/index.php\/wp-json\/wp\/v2\/media?parent=3396"}],"wp:term":[{"taxonomy":"category","embeddable":true,"href":"https:\/\/associacaomedicacascavel.com\/index.php\/wp-json\/wp\/v2\/categories?post=3396"},{"taxonomy":"post_tag","embeddable":true,"href":"https:\/\/associacaomedicacascavel.com\/index.php\/wp-json\/wp\/v2\/tags?post=3396"}],"curies":[{"name":"wp","href":"https:\/\/api.w.org\/{rel}","templated":true}]}}